{"id":3882,"date":"2025-04-16T10:57:10","date_gmt":"2025-04-16T08:57:10","guid":{"rendered":"https:\/\/www.audaces-s.fr\/wp\/?p=3882"},"modified":"2025-04-16T10:57:12","modified_gmt":"2025-04-16T08:57:12","slug":"retour-sur-une-premiere-semaine-de-vacances-au-top-avec-le-secteur-ado","status":"publish","type":"post","link":"https:\/\/www.audaces-s.fr\/wp\/retour-sur-une-premiere-semaine-de-vacances-au-top-avec-le-secteur-ado\/","title":{"rendered":"Retour sur une premi\u00e8re semaine de vacances au top avec le secteur ado"},"content":{"rendered":"\n<p>Entre un Clean Challenge pour prendre soin de notre quartier, la session de gaming coop\u00e9ratif, et la d\u00e9gustation d\u2019un bon kebab fait par leur soin, l\u2019ambiance \u00e9tait au rendez-vous.<\/p>\n\n\n\n<p>Ils ont aussi pu se d\u00e9fouler lors d\u2019une sortie paintball haute en couleurs, ou encore, un tournevis \u00e0 la main participer \u00e0 un atelier de r\u00e9paration. Ils se sont d\u00e9plac\u00e9s au stade lors d\u2019un tournoi multisport en partenariat avec l\u2019IME du Wenheck. Une belle occasion d\u2019inclusion et de d\u00e9passement de soi. Et pour finir en beaut\u00e9\u2026 une soir\u00e9e de cl\u00f4ture en veill\u00e9e, ambiance d\u00e9tente, rires et souvenirs<\/p>\n\n\n\n<p><strong>Un grand bravo \u00e0 tous les jeunes pour leur \u00e9nergie et leur esprit d\u2019\u00e9quipe.<\/strong><\/p>\n\n\n\n<figure class=\"wp-block-gallery has-nested-images columns-default is-cropped wp-block-gallery-1 is-layout-flex wp-block-gallery-is-layout-flex\">\n<figure class=\"wp-block-image size-large\"><img data-recalc-dims=\"1\" loading=\"lazy\" decoding=\"async\" width=\"768\" height=\"1024\" data-id=\"3895\" src=\"https:\/\/i0.wp.com\/www.audaces-s.fr\/wp\/wp-content\/uploads\/2025\/04\/1.jpg?resize=768%2C1024&#038;ssl=1\" alt=\"\" class=\"wp-image-3895\" srcset=\"https:\/\/i0.wp.com\/www.audaces-s.fr\/wp\/wp-content\/uploads\/2025\/04\/1.jpg?resize=768%2C1024&amp;ssl=1 768w, https:\/\/i0.wp.com\/www.audaces-s.fr\/wp\/wp-content\/uploads\/2025\/04\/1.jpg?resize=225%2C300&amp;ssl=1 225w, https:\/\/i0.wp.com\/www.audaces-s.fr\/wp\/wp-content\/uploads\/2025\/04\/1.jpg?w=999&amp;ssl=1 999w\" sizes=\"auto, (max-width: 768px) 100vw, 768px\" \/><\/figure>\n\n\n\n<figure class=\"wp-block-image size-large\"><img data-recalc-dims=\"1\" loading=\"lazy\" decoding=\"async\" width=\"1140\" height=\"855\" data-id=\"3898\" src=\"https:\/\/i0.wp.com\/www.audaces-s.fr\/wp\/wp-content\/uploads\/2025\/04\/8.jpg?resize=1140%2C855&#038;ssl=1\" alt=\"\" class=\"wp-image-3898\" srcset=\"https:\/\/i0.wp.com\/www.audaces-s.fr\/wp\/wp-content\/uploads\/2025\/04\/8.jpg?resize=1024%2C768&amp;ssl=1 1024w, https:\/\/i0.wp.com\/www.audaces-s.fr\/wp\/wp-content\/uploads\/2025\/04\/8.jpg?resize=300%2C225&amp;ssl=1 300w, https:\/\/i0.wp.com\/www.audaces-s.fr\/wp\/wp-content\/uploads\/2025\/04\/8.jpg?resize=768%2C576&amp;ssl=1 768w, https:\/\/i0.wp.com\/www.audaces-s.fr\/wp\/wp-content\/uploads\/2025\/04\/8.jpg?w=1300&amp;ssl=1 1300w\" sizes=\"auto, (max-width: 1140px) 100vw, 1140px\" \/><\/figure>\n\n\n\n<figure class=\"wp-block-image size-large\"><img data-recalc-dims=\"1\" loading=\"lazy\" decoding=\"async\" width=\"1024\" height=\"768\" data-id=\"3897\" src=\"https:\/\/i0.wp.com\/www.audaces-s.fr\/wp\/wp-content\/uploads\/2025\/04\/11.jpg?resize=1024%2C768&#038;ssl=1\" alt=\"\" class=\"wp-image-3897\" srcset=\"https:\/\/i0.wp.com\/www.audaces-s.fr\/wp\/wp-content\/uploads\/2025\/04\/11.jpg?resize=1024%2C768&amp;ssl=1 1024w, https:\/\/i0.wp.com\/www.audaces-s.fr\/wp\/wp-content\/uploads\/2025\/04\/11.jpg?resize=300%2C225&amp;ssl=1 300w, https:\/\/i0.wp.com\/www.audaces-s.fr\/wp\/wp-content\/uploads\/2025\/04\/11.jpg?resize=768%2C576&amp;ssl=1 768w, https:\/\/i0.wp.com\/www.audaces-s.fr\/wp\/wp-content\/uploads\/2025\/04\/11.jpg?w=1225&amp;ssl=1 1225w\" sizes=\"auto, (max-width: 1024px) 100vw, 1024px\" \/><\/figure>\n\n\n\n<figure class=\"wp-block-image size-large\"><img data-recalc-dims=\"1\" loading=\"lazy\" decoding=\"async\" width=\"1024\" height=\"768\" data-id=\"3905\" src=\"https:\/\/i0.wp.com\/www.audaces-s.fr\/wp\/wp-content\/uploads\/2025\/04\/12.jpg?resize=1024%2C768&#038;ssl=1\" alt=\"\" class=\"wp-image-3905\" srcset=\"https:\/\/i0.wp.com\/www.audaces-s.fr\/wp\/wp-content\/uploads\/2025\/04\/12.jpg?resize=1024%2C768&amp;ssl=1 1024w, https:\/\/i0.wp.com\/www.audaces-s.fr\/wp\/wp-content\/uploads\/2025\/04\/12.jpg?resize=300%2C225&amp;ssl=1 300w, https:\/\/i0.wp.com\/www.audaces-s.fr\/wp\/wp-content\/uploads\/2025\/04\/12.jpg?resize=768%2C576&amp;ssl=1 768w, https:\/\/i0.wp.com\/www.audaces-s.fr\/wp\/wp-content\/uploads\/2025\/04\/12.jpg?resize=1536%2C1152&amp;ssl=1 1536w, https:\/\/i0.wp.com\/www.audaces-s.fr\/wp\/wp-content\/uploads\/2025\/04\/12.jpg?w=2048&amp;ssl=1 2048w\" sizes=\"auto, (max-width: 1024px) 100vw, 1024px\" \/><\/figure>\n\n\n\n<figure class=\"wp-block-image size-large\"><img data-recalc-dims=\"1\" loading=\"lazy\" decoding=\"async\" width=\"1024\" height=\"768\" data-id=\"3888\" src=\"https:\/\/i0.wp.com\/www.audaces-s.fr\/wp\/wp-content\/uploads\/2025\/04\/18-1.jpg?resize=1024%2C768&#038;ssl=1\" alt=\"\" class=\"wp-image-3888\" srcset=\"https:\/\/i0.wp.com\/www.audaces-s.fr\/wp\/wp-content\/uploads\/2025\/04\/18-1.jpg?resize=1024%2C768&amp;ssl=1 1024w, https:\/\/i0.wp.com\/www.audaces-s.fr\/wp\/wp-content\/uploads\/2025\/04\/18-1.jpg?resize=300%2C225&amp;ssl=1 300w, https:\/\/i0.wp.com\/www.audaces-s.fr\/wp\/wp-content\/uploads\/2025\/04\/18-1.jpg?resize=768%2C576&amp;ssl=1 768w, https:\/\/i0.wp.com\/www.audaces-s.fr\/wp\/wp-content\/uploads\/2025\/04\/18-1.jpg?w=1280&amp;ssl=1 1280w\" sizes=\"auto, (max-width: 1024px) 100vw, 1024px\" \/><\/figure>\n\n\n\n<figure class=\"wp-block-image size-large\"><img data-recalc-dims=\"1\" loading=\"lazy\" decoding=\"async\" width=\"1024\" height=\"768\" data-id=\"3889\" src=\"https:\/\/i0.wp.com\/www.audaces-s.fr\/wp\/wp-content\/uploads\/2025\/04\/19.jpg?resize=1024%2C768&#038;ssl=1\" alt=\"\" class=\"wp-image-3889\" srcset=\"https:\/\/i0.wp.com\/www.audaces-s.fr\/wp\/wp-content\/uploads\/2025\/04\/19.jpg?resize=1024%2C768&amp;ssl=1 1024w, https:\/\/i0.wp.com\/www.audaces-s.fr\/wp\/wp-content\/uploads\/2025\/04\/19.jpg?resize=300%2C225&amp;ssl=1 300w, https:\/\/i0.wp.com\/www.audaces-s.fr\/wp\/wp-content\/uploads\/2025\/04\/19.jpg?resize=768%2C576&amp;ssl=1 768w, https:\/\/i0.wp.com\/www.audaces-s.fr\/wp\/wp-content\/uploads\/2025\/04\/19.jpg?w=1280&amp;ssl=1 1280w\" sizes=\"auto, (max-width: 1024px) 100vw, 1024px\" \/><\/figure>\n\n\n\n<figure class=\"wp-block-image size-large\"><img data-recalc-dims=\"1\" loading=\"lazy\" decoding=\"async\" width=\"1024\" height=\"768\" data-id=\"3891\" src=\"https:\/\/i0.wp.com\/www.audaces-s.fr\/wp\/wp-content\/uploads\/2025\/04\/20.jpg?resize=1024%2C768&#038;ssl=1\" alt=\"\" class=\"wp-image-3891\" srcset=\"https:\/\/i0.wp.com\/www.audaces-s.fr\/wp\/wp-content\/uploads\/2025\/04\/20.jpg?resize=1024%2C768&amp;ssl=1 1024w, https:\/\/i0.wp.com\/www.audaces-s.fr\/wp\/wp-content\/uploads\/2025\/04\/20.jpg?resize=300%2C225&amp;ssl=1 300w, https:\/\/i0.wp.com\/www.audaces-s.fr\/wp\/wp-content\/uploads\/2025\/04\/20.jpg?resize=768%2C576&amp;ssl=1 768w, https:\/\/i0.wp.com\/www.audaces-s.fr\/wp\/wp-content\/uploads\/2025\/04\/20.jpg?w=1280&amp;ssl=1 1280w\" sizes=\"auto, (max-width: 1024px) 100vw, 1024px\" \/><\/figure>\n\n\n\n<figure class=\"wp-block-image size-large\"><img data-recalc-dims=\"1\" loading=\"lazy\" decoding=\"async\" width=\"1024\" height=\"768\" data-id=\"3887\" src=\"https:\/\/i0.wp.com\/www.audaces-s.fr\/wp\/wp-content\/uploads\/2025\/04\/21.jpg?resize=1024%2C768&#038;ssl=1\" alt=\"\" class=\"wp-image-3887\" srcset=\"https:\/\/i0.wp.com\/www.audaces-s.fr\/wp\/wp-content\/uploads\/2025\/04\/21.jpg?resize=1024%2C768&amp;ssl=1 1024w, https:\/\/i0.wp.com\/www.audaces-s.fr\/wp\/wp-content\/uploads\/2025\/04\/21.jpg?resize=300%2C225&amp;ssl=1 300w, https:\/\/i0.wp.com\/www.audaces-s.fr\/wp\/wp-content\/uploads\/2025\/04\/21.jpg?resize=768%2C576&amp;ssl=1 768w, https:\/\/i0.wp.com\/www.audaces-s.fr\/wp\/wp-content\/uploads\/2025\/04\/21.jpg?w=1280&amp;ssl=1 1280w\" sizes=\"auto, (max-width: 1024px) 100vw, 1024px\" \/><\/figure>\n\n\n\n<figure class=\"wp-block-image size-large\"><img data-recalc-dims=\"1\" loading=\"lazy\" decoding=\"async\" width=\"1024\" height=\"768\" data-id=\"3890\" src=\"https:\/\/i0.wp.com\/www.audaces-s.fr\/wp\/wp-content\/uploads\/2025\/04\/22.jpg?resize=1024%2C768&#038;ssl=1\" alt=\"\" class=\"wp-image-3890\" srcset=\"https:\/\/i0.wp.com\/www.audaces-s.fr\/wp\/wp-content\/uploads\/2025\/04\/22.jpg?resize=1024%2C768&amp;ssl=1 1024w, https:\/\/i0.wp.com\/www.audaces-s.fr\/wp\/wp-content\/uploads\/2025\/04\/22.jpg?resize=300%2C225&amp;ssl=1 300w, https:\/\/i0.wp.com\/www.audaces-s.fr\/wp\/wp-content\/uploads\/2025\/04\/22.jpg?resize=768%2C576&amp;ssl=1 768w, https:\/\/i0.wp.com\/www.audaces-s.fr\/wp\/wp-content\/uploads\/2025\/04\/22.jpg?w=1280&amp;ssl=1 1280w\" sizes=\"auto, (max-width: 1024px) 100vw, 1024px\" \/><\/figure>\n<\/figure>\n","protected":false},"excerpt":{"rendered":"<p>Entre un Clean Challenge pour prendre soin de notre quartier, la session de gaming coop\u00e9ratif, et la d\u00e9gustation d\u2019un bon kebab fait par leur soin, l\u2019ambiance \u00e9tait au rendez-vous. Ils [&hellip;]<\/p>\n","protected":false},"author":6,"featured_media":3883,"comment_status":"open","ping_status":"open","sticky":false,"template":"","format":"standard","meta":{"footnotes":""},"categories":[102,37,36,101],"tags":[],"class_list":{"0":"post-3882","1":"post","2":"type-post","3":"status-publish","4":"format-standard","5":"has-post-thumbnail","7":"category-centres-aeres","8":"category-centre-social","9":"category-activites","10":"category-jeunesse","11":"czr-hentry"},"yoast_head":"<!-- This site is optimized with the Yoast SEO plugin v27.4 - https:\/\/yoast.com\/product\/yoast-seo-wordpress\/ -->\n<title>Retour sur une premi\u00e8re semaine de vacances au top avec le secteur ado - AUDACES&#039;S<\/title>\n<meta name=\"robots\" content=\"index, follow, max-snippet:-1, max-image-preview:large, max-video-preview:-1\" \/>\n<link rel=\"canonical\" href=\"https:\/\/www.audaces-s.fr\/wp\/retour-sur-une-premiere-semaine-de-vacances-au-top-avec-le-secteur-ado\/\" \/>\n<meta property=\"og:locale\" content=\"fr_FR\" \/>\n<meta property=\"og:type\" content=\"article\" \/>\n<meta property=\"og:title\" content=\"Retour sur une premi\u00e8re semaine de vacances au top avec le secteur ado - AUDACES&#039;S\" \/>\n<meta property=\"og:description\" content=\"Entre un Clean Challenge pour prendre soin de notre quartier, la session de gaming coop\u00e9ratif, et la d\u00e9gustation d\u2019un bon kebab fait par leur soin, l\u2019ambiance \u00e9tait au rendez-vous. Ils [&hellip;]\" \/>\n<meta property=\"og:url\" content=\"https:\/\/www.audaces-s.fr\/wp\/retour-sur-une-premiere-semaine-de-vacances-au-top-avec-le-secteur-ado\/\" \/>\n<meta property=\"og:site_name\" content=\"AUDACES&#039;S\" \/>\n<meta property=\"article:publisher\" content=\"https:\/\/www.facebook.com\/associationaudaces\" \/>\n<meta property=\"article:published_time\" content=\"2025-04-16T08:57:10+00:00\" \/>\n<meta property=\"article:modified_time\" content=\"2025-04-16T08:57:12+00:00\" \/>\n<meta property=\"og:image\" content=\"https:\/\/www.audaces-s.fr\/wp\/wp-content\/uploads\/2025\/04\/18.jpg\" \/>\n\t<meta property=\"og:image:width\" content=\"1280\" \/>\n\t<meta property=\"og:image:height\" content=\"960\" \/>\n\t<meta property=\"og:image:type\" content=\"image\/jpeg\" \/>\n<meta name=\"author\" content=\"\u00c9quipe Audaces&#039;s\" \/>\n<meta name=\"twitter:card\" content=\"summary_large_image\" \/>\n<meta name=\"twitter:label1\" content=\"\u00c9crit par\" \/>\n\t<meta name=\"twitter:data1\" content=\"\u00c9quipe Audaces&#039;s\" \/>\n\t<meta name=\"twitter:label2\" content=\"Dur\u00e9e de lecture estim\u00e9e\" \/>\n\t<meta name=\"twitter:data2\" content=\"3 minutes\" \/>\n<script type=\"application\/ld+json\" class=\"yoast-schema-graph\">{\"@context\":\"https:\\\/\\\/schema.org\",\"@graph\":[{\"@type\":\"Article\",\"@id\":\"https:\\\/\\\/www.audaces-s.fr\\\/wp\\\/retour-sur-une-premiere-semaine-de-vacances-au-top-avec-le-secteur-ado\\\/#article\",\"isPartOf\":{\"@id\":\"https:\\\/\\\/www.audaces-s.fr\\\/wp\\\/retour-sur-une-premiere-semaine-de-vacances-au-top-avec-le-secteur-ado\\\/\"},\"author\":{\"name\":\"\u00c9quipe Audaces's\",\"@id\":\"https:\\\/\\\/www.audaces-s.fr\\\/wp\\\/#\\\/schema\\\/person\\\/f1f99b4267322bc63c2c0b9f0391c96c\"},\"headline\":\"Retour sur une premi\u00e8re semaine de vacances au top avec le secteur ado\",\"datePublished\":\"2025-04-16T08:57:10+00:00\",\"dateModified\":\"2025-04-16T08:57:12+00:00\",\"mainEntityOfPage\":{\"@id\":\"https:\\\/\\\/www.audaces-s.fr\\\/wp\\\/retour-sur-une-premiere-semaine-de-vacances-au-top-avec-le-secteur-ado\\\/\"},\"wordCount\":139,\"commentCount\":0,\"publisher\":{\"@id\":\"https:\\\/\\\/www.audaces-s.fr\\\/wp\\\/#organization\"},\"image\":{\"@id\":\"https:\\\/\\\/www.audaces-s.fr\\\/wp\\\/retour-sur-une-premiere-semaine-de-vacances-au-top-avec-le-secteur-ado\\\/#primaryimage\"},\"thumbnailUrl\":\"https:\\\/\\\/i0.wp.com\\\/www.audaces-s.fr\\\/wp\\\/wp-content\\\/uploads\\\/2025\\\/04\\\/18.jpg?fit=1280%2C960&ssl=1\",\"articleSection\":[\"Centres a\u00e9r\u00e9s\",\"Le centre social\",\"Nos activit\u00e9s\",\"Secteur ados\"],\"inLanguage\":\"fr-FR\",\"potentialAction\":[{\"@type\":\"CommentAction\",\"name\":\"Comment\",\"target\":[\"https:\\\/\\\/www.audaces-s.fr\\\/wp\\\/retour-sur-une-premiere-semaine-de-vacances-au-top-avec-le-secteur-ado\\\/#respond\"]}]},{\"@type\":\"WebPage\",\"@id\":\"https:\\\/\\\/www.audaces-s.fr\\\/wp\\\/retour-sur-une-premiere-semaine-de-vacances-au-top-avec-le-secteur-ado\\\/\",\"url\":\"https:\\\/\\\/www.audaces-s.fr\\\/wp\\\/retour-sur-une-premiere-semaine-de-vacances-au-top-avec-le-secteur-ado\\\/\",\"name\":\"Retour sur une premi\u00e8re semaine de vacances au top avec le secteur ado - AUDACES&#039;S\",\"isPartOf\":{\"@id\":\"https:\\\/\\\/www.audaces-s.fr\\\/wp\\\/#website\"},\"primaryImageOfPage\":{\"@id\":\"https:\\\/\\\/www.audaces-s.fr\\\/wp\\\/retour-sur-une-premiere-semaine-de-vacances-au-top-avec-le-secteur-ado\\\/#primaryimage\"},\"image\":{\"@id\":\"https:\\\/\\\/www.audaces-s.fr\\\/wp\\\/retour-sur-une-premiere-semaine-de-vacances-au-top-avec-le-secteur-ado\\\/#primaryimage\"},\"thumbnailUrl\":\"https:\\\/\\\/i0.wp.com\\\/www.audaces-s.fr\\\/wp\\\/wp-content\\\/uploads\\\/2025\\\/04\\\/18.jpg?fit=1280%2C960&ssl=1\",\"datePublished\":\"2025-04-16T08:57:10+00:00\",\"dateModified\":\"2025-04-16T08:57:12+00:00\",\"breadcrumb\":{\"@id\":\"https:\\\/\\\/www.audaces-s.fr\\\/wp\\\/retour-sur-une-premiere-semaine-de-vacances-au-top-avec-le-secteur-ado\\\/#breadcrumb\"},\"inLanguage\":\"fr-FR\",\"potentialAction\":[{\"@type\":\"ReadAction\",\"target\":[\"https:\\\/\\\/www.audaces-s.fr\\\/wp\\\/retour-sur-une-premiere-semaine-de-vacances-au-top-avec-le-secteur-ado\\\/\"]}]},{\"@type\":\"ImageObject\",\"inLanguage\":\"fr-FR\",\"@id\":\"https:\\\/\\\/www.audaces-s.fr\\\/wp\\\/retour-sur-une-premiere-semaine-de-vacances-au-top-avec-le-secteur-ado\\\/#primaryimage\",\"url\":\"https:\\\/\\\/i0.wp.com\\\/www.audaces-s.fr\\\/wp\\\/wp-content\\\/uploads\\\/2025\\\/04\\\/18.jpg?fit=1280%2C960&ssl=1\",\"contentUrl\":\"https:\\\/\\\/i0.wp.com\\\/www.audaces-s.fr\\\/wp\\\/wp-content\\\/uploads\\\/2025\\\/04\\\/18.jpg?fit=1280%2C960&ssl=1\",\"width\":1280,\"height\":960},{\"@type\":\"BreadcrumbList\",\"@id\":\"https:\\\/\\\/www.audaces-s.fr\\\/wp\\\/retour-sur-une-premiere-semaine-de-vacances-au-top-avec-le-secteur-ado\\\/#breadcrumb\",\"itemListElement\":[{\"@type\":\"ListItem\",\"position\":1,\"name\":\"Accueil\",\"item\":\"https:\\\/\\\/www.audaces-s.fr\\\/wp\\\/\"},{\"@type\":\"ListItem\",\"position\":2,\"name\":\"Retour sur une premi\u00e8re semaine de vacances au top avec le secteur ado\"}]},{\"@type\":\"WebSite\",\"@id\":\"https:\\\/\\\/www.audaces-s.fr\\\/wp\\\/#website\",\"url\":\"https:\\\/\\\/www.audaces-s.fr\\\/wp\\\/\",\"name\":\"AUDACES'S\",\"description\":\"Association d&#039;union des activit\u00e9s culturelles, \u00e9ducatives, sociales et sportives\",\"publisher\":{\"@id\":\"https:\\\/\\\/www.audaces-s.fr\\\/wp\\\/#organization\"},\"potentialAction\":[{\"@type\":\"SearchAction\",\"target\":{\"@type\":\"EntryPoint\",\"urlTemplate\":\"https:\\\/\\\/www.audaces-s.fr\\\/wp\\\/?s={search_term_string}\"},\"query-input\":{\"@type\":\"PropertyValueSpecification\",\"valueRequired\":true,\"valueName\":\"search_term_string\"}}],\"inLanguage\":\"fr-FR\"},{\"@type\":\"Organization\",\"@id\":\"https:\\\/\\\/www.audaces-s.fr\\\/wp\\\/#organization\",\"name\":\"Association AUDACES'S\",\"url\":\"https:\\\/\\\/www.audaces-s.fr\\\/wp\\\/\",\"logo\":{\"@type\":\"ImageObject\",\"inLanguage\":\"fr-FR\",\"@id\":\"https:\\\/\\\/www.audaces-s.fr\\\/wp\\\/#\\\/schema\\\/logo\\\/image\\\/\",\"url\":\"https:\\\/\\\/i0.wp.com\\\/www.audaces-s.fr\\\/wp\\\/wp-content\\\/uploads\\\/2021\\\/04\\\/cropped-logo-WP1-1.png?fit=969%2C238&ssl=1\",\"contentUrl\":\"https:\\\/\\\/i0.wp.com\\\/www.audaces-s.fr\\\/wp\\\/wp-content\\\/uploads\\\/2021\\\/04\\\/cropped-logo-WP1-1.png?fit=969%2C238&ssl=1\",\"width\":969,\"height\":238,\"caption\":\"Association AUDACES'S\"},\"image\":{\"@id\":\"https:\\\/\\\/www.audaces-s.fr\\\/wp\\\/#\\\/schema\\\/logo\\\/image\\\/\"},\"sameAs\":[\"https:\\\/\\\/www.facebook.com\\\/associationaudaces\"]},{\"@type\":\"Person\",\"@id\":\"https:\\\/\\\/www.audaces-s.fr\\\/wp\\\/#\\\/schema\\\/person\\\/f1f99b4267322bc63c2c0b9f0391c96c\",\"name\":\"\u00c9quipe Audaces's\",\"image\":{\"@type\":\"ImageObject\",\"inLanguage\":\"fr-FR\",\"@id\":\"https:\\\/\\\/secure.gravatar.com\\\/avatar\\\/9a3800d70d3dc7ed281fc56816018c8b2e6d4e4f5c5cf3de6e56438f71f51897?s=96&d=retro&r=g\",\"url\":\"https:\\\/\\\/secure.gravatar.com\\\/avatar\\\/9a3800d70d3dc7ed281fc56816018c8b2e6d4e4f5c5cf3de6e56438f71f51897?s=96&d=retro&r=g\",\"contentUrl\":\"https:\\\/\\\/secure.gravatar.com\\\/avatar\\\/9a3800d70d3dc7ed281fc56816018c8b2e6d4e4f5c5cf3de6e56438f71f51897?s=96&d=retro&r=g\",\"caption\":\"\u00c9quipe Audaces's\"},\"url\":\"https:\\\/\\\/www.audaces-s.fr\\\/wp\\\/author\\\/teobtn\\\/\"}]}<\/script>\n<!-- \/ Yoast SEO plugin. -->","yoast_head_json":{"title":"Retour sur une premi\u00e8re semaine de vacances au top avec le secteur ado - AUDACES&#039;S","robots":{"index":"index","follow":"follow","max-snippet":"max-snippet:-1","max-image-preview":"max-image-preview:large","max-video-preview":"max-video-preview:-1"},"canonical":"https:\/\/www.audaces-s.fr\/wp\/retour-sur-une-premiere-semaine-de-vacances-au-top-avec-le-secteur-ado\/","og_locale":"fr_FR","og_type":"article","og_title":"Retour sur une premi\u00e8re semaine de vacances au top avec le secteur ado - AUDACES&#039;S","og_description":"Entre un Clean Challenge pour prendre soin de notre quartier, la session de gaming coop\u00e9ratif, et la d\u00e9gustation d\u2019un bon kebab fait par leur soin, l\u2019ambiance \u00e9tait au rendez-vous. Ils [&hellip;]","og_url":"https:\/\/www.audaces-s.fr\/wp\/retour-sur-une-premiere-semaine-de-vacances-au-top-avec-le-secteur-ado\/","og_site_name":"AUDACES&#039;S","article_publisher":"https:\/\/www.facebook.com\/associationaudaces","article_published_time":"2025-04-16T08:57:10+00:00","article_modified_time":"2025-04-16T08:57:12+00:00","og_image":[{"width":1280,"height":960,"url":"https:\/\/www.audaces-s.fr\/wp\/wp-content\/uploads\/2025\/04\/18.jpg","type":"image\/jpeg"}],"author":"\u00c9quipe Audaces's","twitter_card":"summary_large_image","twitter_misc":{"\u00c9crit par":"\u00c9quipe Audaces's","Dur\u00e9e de lecture estim\u00e9e":"3 minutes"},"schema":{"@context":"https:\/\/schema.org","@graph":[{"@type":"Article","@id":"https:\/\/www.audaces-s.fr\/wp\/retour-sur-une-premiere-semaine-de-vacances-au-top-avec-le-secteur-ado\/#article","isPartOf":{"@id":"https:\/\/www.audaces-s.fr\/wp\/retour-sur-une-premiere-semaine-de-vacances-au-top-avec-le-secteur-ado\/"},"author":{"name":"\u00c9quipe Audaces's","@id":"https:\/\/www.audaces-s.fr\/wp\/#\/schema\/person\/f1f99b4267322bc63c2c0b9f0391c96c"},"headline":"Retour sur une premi\u00e8re semaine de vacances au top avec le secteur ado","datePublished":"2025-04-16T08:57:10+00:00","dateModified":"2025-04-16T08:57:12+00:00","mainEntityOfPage":{"@id":"https:\/\/www.audaces-s.fr\/wp\/retour-sur-une-premiere-semaine-de-vacances-au-top-avec-le-secteur-ado\/"},"wordCount":139,"commentCount":0,"publisher":{"@id":"https:\/\/www.audaces-s.fr\/wp\/#organization"},"image":{"@id":"https:\/\/www.audaces-s.fr\/wp\/retour-sur-une-premiere-semaine-de-vacances-au-top-avec-le-secteur-ado\/#primaryimage"},"thumbnailUrl":"https:\/\/i0.wp.com\/www.audaces-s.fr\/wp\/wp-content\/uploads\/2025\/04\/18.jpg?fit=1280%2C960&ssl=1","articleSection":["Centres a\u00e9r\u00e9s","Le centre social","Nos activit\u00e9s","Secteur ados"],"inLanguage":"fr-FR","potentialAction":[{"@type":"CommentAction","name":"Comment","target":["https:\/\/www.audaces-s.fr\/wp\/retour-sur-une-premiere-semaine-de-vacances-au-top-avec-le-secteur-ado\/#respond"]}]},{"@type":"WebPage","@id":"https:\/\/www.audaces-s.fr\/wp\/retour-sur-une-premiere-semaine-de-vacances-au-top-avec-le-secteur-ado\/","url":"https:\/\/www.audaces-s.fr\/wp\/retour-sur-une-premiere-semaine-de-vacances-au-top-avec-le-secteur-ado\/","name":"Retour sur une premi\u00e8re semaine de vacances au top avec le secteur ado - AUDACES&#039;S","isPartOf":{"@id":"https:\/\/www.audaces-s.fr\/wp\/#website"},"primaryImageOfPage":{"@id":"https:\/\/www.audaces-s.fr\/wp\/retour-sur-une-premiere-semaine-de-vacances-au-top-avec-le-secteur-ado\/#primaryimage"},"image":{"@id":"https:\/\/www.audaces-s.fr\/wp\/retour-sur-une-premiere-semaine-de-vacances-au-top-avec-le-secteur-ado\/#primaryimage"},"thumbnailUrl":"https:\/\/i0.wp.com\/www.audaces-s.fr\/wp\/wp-content\/uploads\/2025\/04\/18.jpg?fit=1280%2C960&ssl=1","datePublished":"2025-04-16T08:57:10+00:00","dateModified":"2025-04-16T08:57:12+00:00","breadcrumb":{"@id":"https:\/\/www.audaces-s.fr\/wp\/retour-sur-une-premiere-semaine-de-vacances-au-top-avec-le-secteur-ado\/#breadcrumb"},"inLanguage":"fr-FR","potentialAction":[{"@type":"ReadAction","target":["https:\/\/www.audaces-s.fr\/wp\/retour-sur-une-premiere-semaine-de-vacances-au-top-avec-le-secteur-ado\/"]}]},{"@type":"ImageObject","inLanguage":"fr-FR","@id":"https:\/\/www.audaces-s.fr\/wp\/retour-sur-une-premiere-semaine-de-vacances-au-top-avec-le-secteur-ado\/#primaryimage","url":"https:\/\/i0.wp.com\/www.audaces-s.fr\/wp\/wp-content\/uploads\/2025\/04\/18.jpg?fit=1280%2C960&ssl=1","contentUrl":"https:\/\/i0.wp.com\/www.audaces-s.fr\/wp\/wp-content\/uploads\/2025\/04\/18.jpg?fit=1280%2C960&ssl=1","width":1280,"height":960},{"@type":"BreadcrumbList","@id":"https:\/\/www.audaces-s.fr\/wp\/retour-sur-une-premiere-semaine-de-vacances-au-top-avec-le-secteur-ado\/#breadcrumb","itemListElement":[{"@type":"ListItem","position":1,"name":"Accueil","item":"https:\/\/www.audaces-s.fr\/wp\/"},{"@type":"ListItem","position":2,"name":"Retour sur une premi\u00e8re semaine de vacances au top avec le secteur ado"}]},{"@type":"WebSite","@id":"https:\/\/www.audaces-s.fr\/wp\/#website","url":"https:\/\/www.audaces-s.fr\/wp\/","name":"AUDACES'S","description":"Association d&#039;union des activit\u00e9s culturelles, \u00e9ducatives, sociales et sportives","publisher":{"@id":"https:\/\/www.audaces-s.fr\/wp\/#organization"},"potentialAction":[{"@type":"SearchAction","target":{"@type":"EntryPoint","urlTemplate":"https:\/\/www.audaces-s.fr\/wp\/?s={search_term_string}"},"query-input":{"@type":"PropertyValueSpecification","valueRequired":true,"valueName":"search_term_string"}}],"inLanguage":"fr-FR"},{"@type":"Organization","@id":"https:\/\/www.audaces-s.fr\/wp\/#organization","name":"Association AUDACES'S","url":"https:\/\/www.audaces-s.fr\/wp\/","logo":{"@type":"ImageObject","inLanguage":"fr-FR","@id":"https:\/\/www.audaces-s.fr\/wp\/#\/schema\/logo\/image\/","url":"https:\/\/i0.wp.com\/www.audaces-s.fr\/wp\/wp-content\/uploads\/2021\/04\/cropped-logo-WP1-1.png?fit=969%2C238&ssl=1","contentUrl":"https:\/\/i0.wp.com\/www.audaces-s.fr\/wp\/wp-content\/uploads\/2021\/04\/cropped-logo-WP1-1.png?fit=969%2C238&ssl=1","width":969,"height":238,"caption":"Association AUDACES'S"},"image":{"@id":"https:\/\/www.audaces-s.fr\/wp\/#\/schema\/logo\/image\/"},"sameAs":["https:\/\/www.facebook.com\/associationaudaces"]},{"@type":"Person","@id":"https:\/\/www.audaces-s.fr\/wp\/#\/schema\/person\/f1f99b4267322bc63c2c0b9f0391c96c","name":"\u00c9quipe Audaces's","image":{"@type":"ImageObject","inLanguage":"fr-FR","@id":"https:\/\/secure.gravatar.com\/avatar\/9a3800d70d3dc7ed281fc56816018c8b2e6d4e4f5c5cf3de6e56438f71f51897?s=96&d=retro&r=g","url":"https:\/\/secure.gravatar.com\/avatar\/9a3800d70d3dc7ed281fc56816018c8b2e6d4e4f5c5cf3de6e56438f71f51897?s=96&d=retro&r=g","contentUrl":"https:\/\/secure.gravatar.com\/avatar\/9a3800d70d3dc7ed281fc56816018c8b2e6d4e4f5c5cf3de6e56438f71f51897?s=96&d=retro&r=g","caption":"\u00c9quipe Audaces's"},"url":"https:\/\/www.audaces-s.fr\/wp\/author\/teobtn\/"}]}},"_links":{"self":[{"href":"https:\/\/www.audaces-s.fr\/wp\/wp-json\/wp\/v2\/posts\/3882","targetHints":{"allow":["GET"]}}],"collection":[{"href":"https:\/\/www.audaces-s.fr\/wp\/wp-json\/wp\/v2\/posts"}],"about":[{"href":"https:\/\/www.audaces-s.fr\/wp\/wp-json\/wp\/v2\/types\/post"}],"author":[{"embeddable":true,"href":"https:\/\/www.audaces-s.fr\/wp\/wp-json\/wp\/v2\/users\/6"}],"replies":[{"embeddable":true,"href":"https:\/\/www.audaces-s.fr\/wp\/wp-json\/wp\/v2\/comments?post=3882"}],"version-history":[{"count":0,"href":"https:\/\/www.audaces-s.fr\/wp\/wp-json\/wp\/v2\/posts\/3882\/revisions"}],"wp:featuredmedia":[{"embeddable":true,"href":"https:\/\/www.audaces-s.fr\/wp\/wp-json\/wp\/v2\/media\/3883"}],"wp:attachment":[{"href":"https:\/\/www.audaces-s.fr\/wp\/wp-json\/wp\/v2\/media?parent=3882"}],"wp:term":[{"taxonomy":"category","embeddable":true,"href":"https:\/\/www.audaces-s.fr\/wp\/wp-json\/wp\/v2\/categories?post=3882"},{"taxonomy":"post_tag","embeddable":true,"href":"https:\/\/www.audaces-s.fr\/wp\/wp-json\/wp\/v2\/tags?post=3882"}],"curies":[{"name":"wp","href":"https:\/\/api.w.org\/{rel}","templated":true}]}}