{"id":5011,"date":"2026-04-21T14:47:09","date_gmt":"2026-04-21T12:47:09","guid":{"rendered":"https:\/\/www.audaces-s.fr\/wp\/?p=5011"},"modified":"2026-04-21T14:47:10","modified_gmt":"2026-04-21T12:47:10","slug":"retour-sur-le-dernier-repaircafe","status":"publish","type":"post","link":"https:\/\/www.audaces-s.fr\/wp\/retour-sur-le-dernier-repaircafe\/","title":{"rendered":"Retour sur le dernier Repair&rsquo;caf\u00e9"},"content":{"rendered":"\n<p>Retour en images sur notre Repair\u2019caf\u00e9 organis\u00e9 ce samedi. <\/p>\n\n\n\n<p>Encore merci \u00e0 nos r\u00e9parateurs pour leur pr\u00e9sence et merci \u00e0 nos visiteurs !<\/p>\n\n\n\n<p><em>Mairie de Folschviller \u2014 Repair Caf\u00e9 de Furst \u2014 Conseil Citoyen de Folschviller \u2014 Centre Social Audaces&rsquo;s Folschviller \u2014 Repair Caf\u00e9 France (groupe d&rsquo;\u00e9change entre organisateurs et r\u00e9parateurs) \u2014 Tiers-Lieux en Grand-Est &#8211; Le Briquet<\/em><\/p>\n\n\n\n<figure class=\"wp-block-gallery has-nested-images columns-default is-cropped wp-block-gallery-1 is-layout-flex wp-block-gallery-is-layout-flex\">\n<figure class=\"wp-block-image size-large\"><img data-recalc-dims=\"1\" decoding=\"async\" data-id=\"5461\" src=\"https:\/\/i0.wp.com\/lebriquetfolschviller.wordpress.com\/wp-content\/uploads\/2026\/04\/img_4654.jpeg?w=1140&#038;ssl=1\" alt=\"\" class=\"wp-image-5461\"\/><\/figure>\n\n\n\n<figure class=\"wp-block-image size-large\"><img data-recalc-dims=\"1\" decoding=\"async\" data-id=\"5452\" src=\"https:\/\/i0.wp.com\/lebriquetfolschviller.wordpress.com\/wp-content\/uploads\/2026\/04\/img_4653.jpeg?w=1140&#038;ssl=1\" alt=\"\" class=\"wp-image-5452\"\/><\/figure>\n\n\n\n<figure class=\"wp-block-image size-large\"><img data-recalc-dims=\"1\" decoding=\"async\" data-id=\"5457\" src=\"https:\/\/i0.wp.com\/lebriquetfolschviller.wordpress.com\/wp-content\/uploads\/2026\/04\/img_4652.jpeg?w=1140&#038;ssl=1\" alt=\"\" class=\"wp-image-5457\"\/><\/figure>\n\n\n\n<figure class=\"wp-block-image size-large\"><img data-recalc-dims=\"1\" decoding=\"async\" data-id=\"5459\" src=\"https:\/\/i0.wp.com\/lebriquetfolschviller.wordpress.com\/wp-content\/uploads\/2026\/04\/img_4651.jpeg?w=1140&#038;ssl=1\" alt=\"\" class=\"wp-image-5459\"\/><\/figure>\n\n\n\n<figure class=\"wp-block-image size-large\"><img data-recalc-dims=\"1\" decoding=\"async\" data-id=\"5463\" src=\"https:\/\/i0.wp.com\/lebriquetfolschviller.wordpress.com\/wp-content\/uploads\/2026\/04\/img_4650.jpeg?w=1140&#038;ssl=1\" alt=\"\" class=\"wp-image-5463\"\/><\/figure>\n\n\n\n<figure class=\"wp-block-image size-large\"><img data-recalc-dims=\"1\" decoding=\"async\" data-id=\"5462\" src=\"https:\/\/i0.wp.com\/lebriquetfolschviller.wordpress.com\/wp-content\/uploads\/2026\/04\/img_4645.jpeg?w=1140&#038;ssl=1\" alt=\"\" class=\"wp-image-5462\"\/><\/figure>\n\n\n\n<figure class=\"wp-block-image size-large\"><img data-recalc-dims=\"1\" decoding=\"async\" data-id=\"5464\" src=\"https:\/\/i0.wp.com\/lebriquetfolschviller.wordpress.com\/wp-content\/uploads\/2026\/04\/img_4646.jpeg?w=1140&#038;ssl=1\" alt=\"\" class=\"wp-image-5464\"\/><\/figure>\n\n\n\n<figure class=\"wp-block-image size-large\"><img data-recalc-dims=\"1\" decoding=\"async\" data-id=\"5465\" src=\"https:\/\/i0.wp.com\/lebriquetfolschviller.wordpress.com\/wp-content\/uploads\/2026\/04\/img_4647.jpeg?w=1140&#038;ssl=1\" alt=\"\" class=\"wp-image-5465\"\/><\/figure>\n\n\n\n<figure class=\"wp-block-image size-large\"><img data-recalc-dims=\"1\" decoding=\"async\" data-id=\"5460\" src=\"https:\/\/i0.wp.com\/lebriquetfolschviller.wordpress.com\/wp-content\/uploads\/2026\/04\/img_4648.jpeg?w=1140&#038;ssl=1\" alt=\"\" class=\"wp-image-5460\"\/><\/figure>\n\n\n\n<figure class=\"wp-block-image size-large\"><img data-recalc-dims=\"1\" decoding=\"async\" data-id=\"5458\" src=\"https:\/\/i0.wp.com\/lebriquetfolschviller.wordpress.com\/wp-content\/uploads\/2026\/04\/img_4649.jpeg?w=1140&#038;ssl=1\" alt=\"\" class=\"wp-image-5458\"\/><\/figure>\n\n\n\n<figure class=\"wp-block-image size-large\"><img data-recalc-dims=\"1\" decoding=\"async\" data-id=\"5455\" src=\"https:\/\/i0.wp.com\/lebriquetfolschviller.wordpress.com\/wp-content\/uploads\/2026\/04\/img_4644.jpeg?w=1140&#038;ssl=1\" alt=\"\" class=\"wp-image-5455\"\/><\/figure>\n\n\n\n<figure class=\"wp-block-image size-large\"><img data-recalc-dims=\"1\" decoding=\"async\" data-id=\"5450\" src=\"https:\/\/i0.wp.com\/lebriquetfolschviller.wordpress.com\/wp-content\/uploads\/2026\/04\/img_4643.jpeg?w=1140&#038;ssl=1\" alt=\"\" class=\"wp-image-5450\"\/><\/figure>\n\n\n\n<figure class=\"wp-block-image size-large\"><img data-recalc-dims=\"1\" decoding=\"async\" data-id=\"5451\" src=\"https:\/\/i0.wp.com\/lebriquetfolschviller.wordpress.com\/wp-content\/uploads\/2026\/04\/img_4642.jpeg?w=1140&#038;ssl=1\" alt=\"\" class=\"wp-image-5451\"\/><\/figure>\n\n\n\n<figure class=\"wp-block-image size-large\"><img data-recalc-dims=\"1\" decoding=\"async\" data-id=\"5447\" src=\"https:\/\/i0.wp.com\/lebriquetfolschviller.wordpress.com\/wp-content\/uploads\/2026\/04\/img_4641.jpeg?w=1140&#038;ssl=1\" alt=\"\" class=\"wp-image-5447\"\/><\/figure>\n\n\n\n<figure class=\"wp-block-image size-large\"><img data-recalc-dims=\"1\" decoding=\"async\" data-id=\"5456\" src=\"https:\/\/i0.wp.com\/lebriquetfolschviller.wordpress.com\/wp-content\/uploads\/2026\/04\/img_4640.jpeg?w=1140&#038;ssl=1\" alt=\"\" class=\"wp-image-5456\"\/><\/figure>\n\n\n\n<figure class=\"wp-block-image size-large\"><img data-recalc-dims=\"1\" decoding=\"async\" data-id=\"5453\" src=\"https:\/\/i0.wp.com\/lebriquetfolschviller.wordpress.com\/wp-content\/uploads\/2026\/04\/img_4636.jpeg?w=1140&#038;ssl=1\" alt=\"\" class=\"wp-image-5453\"\/><\/figure>\n\n\n\n<figure class=\"wp-block-image size-large\"><img data-recalc-dims=\"1\" decoding=\"async\" data-id=\"5454\" src=\"https:\/\/i0.wp.com\/lebriquetfolschviller.wordpress.com\/wp-content\/uploads\/2026\/04\/img_4637.jpeg?w=1140&#038;ssl=1\" alt=\"\" class=\"wp-image-5454\"\/><\/figure>\n\n\n\n<figure class=\"wp-block-image size-large\"><img data-recalc-dims=\"1\" decoding=\"async\" data-id=\"5449\" src=\"https:\/\/i0.wp.com\/lebriquetfolschviller.wordpress.com\/wp-content\/uploads\/2026\/04\/img_4638.jpeg?w=1140&#038;ssl=1\" alt=\"\" class=\"wp-image-5449\"\/><\/figure>\n\n\n\n<figure class=\"wp-block-image size-large\"><img data-recalc-dims=\"1\" decoding=\"async\" data-id=\"5448\" src=\"https:\/\/i0.wp.com\/lebriquetfolschviller.wordpress.com\/wp-content\/uploads\/2026\/04\/img_4639.jpeg?w=1140&#038;ssl=1\" alt=\"\" class=\"wp-image-5448\"\/><\/figure>\n<\/figure>\n","protected":false},"excerpt":{"rendered":"<p>Retour en images sur notre Repair\u2019caf\u00e9 organis\u00e9 ce samedi. Encore merci \u00e0 nos r\u00e9parateurs pour leur pr\u00e9sence et merci \u00e0 nos visiteurs ! Mairie de Folschviller \u2014 Repair Caf\u00e9 de [&hellip;]<\/p>\n","protected":false},"author":6,"featured_media":5012,"comment_status":"open","ping_status":"open","sticky":false,"template":"","format":"standard","meta":{"footnotes":""},"categories":[35,63,37,36],"tags":[],"class_list":{"0":"post-5011","1":"post","2":"type-post","3":"status-publish","4":"format-standard","5":"has-post-thumbnail","7":"category-association","8":"category-le-briquet","9":"category-centre-social","10":"category-activites","11":"czr-hentry"},"yoast_head":"<!-- This site is optimized with the Yoast SEO plugin v27.4 - https:\/\/yoast.com\/product\/yoast-seo-wordpress\/ -->\n<title>Retour sur le dernier Repair&#039;caf\u00e9 - AUDACES&#039;S<\/title>\n<meta name=\"robots\" content=\"index, follow, max-snippet:-1, max-image-preview:large, max-video-preview:-1\" \/>\n<link rel=\"canonical\" href=\"https:\/\/www.audaces-s.fr\/wp\/retour-sur-le-dernier-repaircafe\/\" \/>\n<meta property=\"og:locale\" content=\"fr_FR\" \/>\n<meta property=\"og:type\" content=\"article\" \/>\n<meta property=\"og:title\" content=\"Retour sur le dernier Repair&#039;caf\u00e9 - AUDACES&#039;S\" \/>\n<meta property=\"og:description\" content=\"Retour en images sur notre Repair\u2019caf\u00e9 organis\u00e9 ce samedi. Encore merci \u00e0 nos r\u00e9parateurs pour leur pr\u00e9sence et merci \u00e0 nos visiteurs ! Mairie de Folschviller \u2014 Repair Caf\u00e9 de [&hellip;]\" \/>\n<meta property=\"og:url\" content=\"https:\/\/www.audaces-s.fr\/wp\/retour-sur-le-dernier-repaircafe\/\" \/>\n<meta property=\"og:site_name\" content=\"AUDACES&#039;S\" \/>\n<meta property=\"article:publisher\" content=\"https:\/\/www.facebook.com\/associationaudaces\" \/>\n<meta property=\"article:published_time\" content=\"2026-04-21T12:47:09+00:00\" \/>\n<meta property=\"article:modified_time\" content=\"2026-04-21T12:47:10+00:00\" \/>\n<meta property=\"og:image\" content=\"https:\/\/www.audaces-s.fr\/wp\/wp-content\/uploads\/2026\/04\/IMG_4636.jpeg\" \/>\n\t<meta property=\"og:image:width\" content=\"1440\" \/>\n\t<meta property=\"og:image:height\" content=\"1104\" \/>\n\t<meta property=\"og:image:type\" content=\"image\/jpeg\" \/>\n<meta name=\"author\" content=\"\u00c9quipe Audaces&#039;s\" \/>\n<meta name=\"twitter:card\" content=\"summary_large_image\" \/>\n<meta name=\"twitter:label1\" content=\"\u00c9crit par\" \/>\n\t<meta name=\"twitter:data1\" content=\"\u00c9quipe Audaces&#039;s\" \/>\n\t<meta name=\"twitter:label2\" content=\"Dur\u00e9e de lecture estim\u00e9e\" \/>\n\t<meta name=\"twitter:data2\" content=\"5 minutes\" \/>\n<script type=\"application\/ld+json\" class=\"yoast-schema-graph\">{\"@context\":\"https:\\\/\\\/schema.org\",\"@graph\":[{\"@type\":\"Article\",\"@id\":\"https:\\\/\\\/www.audaces-s.fr\\\/wp\\\/retour-sur-le-dernier-repaircafe\\\/#article\",\"isPartOf\":{\"@id\":\"https:\\\/\\\/www.audaces-s.fr\\\/wp\\\/retour-sur-le-dernier-repaircafe\\\/\"},\"author\":{\"name\":\"\u00c9quipe Audaces's\",\"@id\":\"https:\\\/\\\/www.audaces-s.fr\\\/wp\\\/#\\\/schema\\\/person\\\/f1f99b4267322bc63c2c0b9f0391c96c\"},\"headline\":\"Retour sur le dernier Repair&rsquo;caf\u00e9\",\"datePublished\":\"2026-04-21T12:47:09+00:00\",\"dateModified\":\"2026-04-21T12:47:10+00:00\",\"mainEntityOfPage\":{\"@id\":\"https:\\\/\\\/www.audaces-s.fr\\\/wp\\\/retour-sur-le-dernier-repaircafe\\\/\"},\"wordCount\":62,\"commentCount\":0,\"publisher\":{\"@id\":\"https:\\\/\\\/www.audaces-s.fr\\\/wp\\\/#organization\"},\"image\":{\"@id\":\"https:\\\/\\\/www.audaces-s.fr\\\/wp\\\/retour-sur-le-dernier-repaircafe\\\/#primaryimage\"},\"thumbnailUrl\":\"https:\\\/\\\/i0.wp.com\\\/www.audaces-s.fr\\\/wp\\\/wp-content\\\/uploads\\\/2026\\\/04\\\/IMG_4636.jpeg?fit=1440%2C1104&ssl=1\",\"articleSection\":[\"L'association\",\"Le Briquet\",\"Le centre social\",\"Nos activit\u00e9s\"],\"inLanguage\":\"fr-FR\",\"potentialAction\":[{\"@type\":\"CommentAction\",\"name\":\"Comment\",\"target\":[\"https:\\\/\\\/www.audaces-s.fr\\\/wp\\\/retour-sur-le-dernier-repaircafe\\\/#respond\"]}]},{\"@type\":\"WebPage\",\"@id\":\"https:\\\/\\\/www.audaces-s.fr\\\/wp\\\/retour-sur-le-dernier-repaircafe\\\/\",\"url\":\"https:\\\/\\\/www.audaces-s.fr\\\/wp\\\/retour-sur-le-dernier-repaircafe\\\/\",\"name\":\"Retour sur le dernier Repair'caf\u00e9 - AUDACES&#039;S\",\"isPartOf\":{\"@id\":\"https:\\\/\\\/www.audaces-s.fr\\\/wp\\\/#website\"},\"primaryImageOfPage\":{\"@id\":\"https:\\\/\\\/www.audaces-s.fr\\\/wp\\\/retour-sur-le-dernier-repaircafe\\\/#primaryimage\"},\"image\":{\"@id\":\"https:\\\/\\\/www.audaces-s.fr\\\/wp\\\/retour-sur-le-dernier-repaircafe\\\/#primaryimage\"},\"thumbnailUrl\":\"https:\\\/\\\/i0.wp.com\\\/www.audaces-s.fr\\\/wp\\\/wp-content\\\/uploads\\\/2026\\\/04\\\/IMG_4636.jpeg?fit=1440%2C1104&ssl=1\",\"datePublished\":\"2026-04-21T12:47:09+00:00\",\"dateModified\":\"2026-04-21T12:47:10+00:00\",\"breadcrumb\":{\"@id\":\"https:\\\/\\\/www.audaces-s.fr\\\/wp\\\/retour-sur-le-dernier-repaircafe\\\/#breadcrumb\"},\"inLanguage\":\"fr-FR\",\"potentialAction\":[{\"@type\":\"ReadAction\",\"target\":[\"https:\\\/\\\/www.audaces-s.fr\\\/wp\\\/retour-sur-le-dernier-repaircafe\\\/\"]}]},{\"@type\":\"ImageObject\",\"inLanguage\":\"fr-FR\",\"@id\":\"https:\\\/\\\/www.audaces-s.fr\\\/wp\\\/retour-sur-le-dernier-repaircafe\\\/#primaryimage\",\"url\":\"https:\\\/\\\/i0.wp.com\\\/www.audaces-s.fr\\\/wp\\\/wp-content\\\/uploads\\\/2026\\\/04\\\/IMG_4636.jpeg?fit=1440%2C1104&ssl=1\",\"contentUrl\":\"https:\\\/\\\/i0.wp.com\\\/www.audaces-s.fr\\\/wp\\\/wp-content\\\/uploads\\\/2026\\\/04\\\/IMG_4636.jpeg?fit=1440%2C1104&ssl=1\",\"width\":1440,\"height\":1104},{\"@type\":\"BreadcrumbList\",\"@id\":\"https:\\\/\\\/www.audaces-s.fr\\\/wp\\\/retour-sur-le-dernier-repaircafe\\\/#breadcrumb\",\"itemListElement\":[{\"@type\":\"ListItem\",\"position\":1,\"name\":\"Accueil\",\"item\":\"https:\\\/\\\/www.audaces-s.fr\\\/wp\\\/\"},{\"@type\":\"ListItem\",\"position\":2,\"name\":\"Retour sur le dernier Repair&rsquo;caf\u00e9\"}]},{\"@type\":\"WebSite\",\"@id\":\"https:\\\/\\\/www.audaces-s.fr\\\/wp\\\/#website\",\"url\":\"https:\\\/\\\/www.audaces-s.fr\\\/wp\\\/\",\"name\":\"AUDACES'S\",\"description\":\"Association d&#039;union des activit\u00e9s culturelles, \u00e9ducatives, sociales et sportives\",\"publisher\":{\"@id\":\"https:\\\/\\\/www.audaces-s.fr\\\/wp\\\/#organization\"},\"potentialAction\":[{\"@type\":\"SearchAction\",\"target\":{\"@type\":\"EntryPoint\",\"urlTemplate\":\"https:\\\/\\\/www.audaces-s.fr\\\/wp\\\/?s={search_term_string}\"},\"query-input\":{\"@type\":\"PropertyValueSpecification\",\"valueRequired\":true,\"valueName\":\"search_term_string\"}}],\"inLanguage\":\"fr-FR\"},{\"@type\":\"Organization\",\"@id\":\"https:\\\/\\\/www.audaces-s.fr\\\/wp\\\/#organization\",\"name\":\"Association AUDACES'S\",\"url\":\"https:\\\/\\\/www.audaces-s.fr\\\/wp\\\/\",\"logo\":{\"@type\":\"ImageObject\",\"inLanguage\":\"fr-FR\",\"@id\":\"https:\\\/\\\/www.audaces-s.fr\\\/wp\\\/#\\\/schema\\\/logo\\\/image\\\/\",\"url\":\"https:\\\/\\\/i0.wp.com\\\/www.audaces-s.fr\\\/wp\\\/wp-content\\\/uploads\\\/2021\\\/04\\\/cropped-logo-WP1-1.png?fit=969%2C238&ssl=1\",\"contentUrl\":\"https:\\\/\\\/i0.wp.com\\\/www.audaces-s.fr\\\/wp\\\/wp-content\\\/uploads\\\/2021\\\/04\\\/cropped-logo-WP1-1.png?fit=969%2C238&ssl=1\",\"width\":969,\"height\":238,\"caption\":\"Association AUDACES'S\"},\"image\":{\"@id\":\"https:\\\/\\\/www.audaces-s.fr\\\/wp\\\/#\\\/schema\\\/logo\\\/image\\\/\"},\"sameAs\":[\"https:\\\/\\\/www.facebook.com\\\/associationaudaces\"]},{\"@type\":\"Person\",\"@id\":\"https:\\\/\\\/www.audaces-s.fr\\\/wp\\\/#\\\/schema\\\/person\\\/f1f99b4267322bc63c2c0b9f0391c96c\",\"name\":\"\u00c9quipe Audaces's\",\"image\":{\"@type\":\"ImageObject\",\"inLanguage\":\"fr-FR\",\"@id\":\"https:\\\/\\\/secure.gravatar.com\\\/avatar\\\/9a3800d70d3dc7ed281fc56816018c8b2e6d4e4f5c5cf3de6e56438f71f51897?s=96&d=retro&r=g\",\"url\":\"https:\\\/\\\/secure.gravatar.com\\\/avatar\\\/9a3800d70d3dc7ed281fc56816018c8b2e6d4e4f5c5cf3de6e56438f71f51897?s=96&d=retro&r=g\",\"contentUrl\":\"https:\\\/\\\/secure.gravatar.com\\\/avatar\\\/9a3800d70d3dc7ed281fc56816018c8b2e6d4e4f5c5cf3de6e56438f71f51897?s=96&d=retro&r=g\",\"caption\":\"\u00c9quipe Audaces's\"},\"url\":\"https:\\\/\\\/www.audaces-s.fr\\\/wp\\\/author\\\/teobtn\\\/\"}]}<\/script>\n<!-- \/ Yoast SEO plugin. -->","yoast_head_json":{"title":"Retour sur le dernier Repair'caf\u00e9 - AUDACES&#039;S","robots":{"index":"index","follow":"follow","max-snippet":"max-snippet:-1","max-image-preview":"max-image-preview:large","max-video-preview":"max-video-preview:-1"},"canonical":"https:\/\/www.audaces-s.fr\/wp\/retour-sur-le-dernier-repaircafe\/","og_locale":"fr_FR","og_type":"article","og_title":"Retour sur le dernier Repair'caf\u00e9 - AUDACES&#039;S","og_description":"Retour en images sur notre Repair\u2019caf\u00e9 organis\u00e9 ce samedi. Encore merci \u00e0 nos r\u00e9parateurs pour leur pr\u00e9sence et merci \u00e0 nos visiteurs ! Mairie de Folschviller \u2014 Repair Caf\u00e9 de [&hellip;]","og_url":"https:\/\/www.audaces-s.fr\/wp\/retour-sur-le-dernier-repaircafe\/","og_site_name":"AUDACES&#039;S","article_publisher":"https:\/\/www.facebook.com\/associationaudaces","article_published_time":"2026-04-21T12:47:09+00:00","article_modified_time":"2026-04-21T12:47:10+00:00","og_image":[{"width":1440,"height":1104,"url":"https:\/\/www.audaces-s.fr\/wp\/wp-content\/uploads\/2026\/04\/IMG_4636.jpeg","type":"image\/jpeg"}],"author":"\u00c9quipe Audaces's","twitter_card":"summary_large_image","twitter_misc":{"\u00c9crit par":"\u00c9quipe Audaces's","Dur\u00e9e de lecture estim\u00e9e":"5 minutes"},"schema":{"@context":"https:\/\/schema.org","@graph":[{"@type":"Article","@id":"https:\/\/www.audaces-s.fr\/wp\/retour-sur-le-dernier-repaircafe\/#article","isPartOf":{"@id":"https:\/\/www.audaces-s.fr\/wp\/retour-sur-le-dernier-repaircafe\/"},"author":{"name":"\u00c9quipe Audaces's","@id":"https:\/\/www.audaces-s.fr\/wp\/#\/schema\/person\/f1f99b4267322bc63c2c0b9f0391c96c"},"headline":"Retour sur le dernier Repair&rsquo;caf\u00e9","datePublished":"2026-04-21T12:47:09+00:00","dateModified":"2026-04-21T12:47:10+00:00","mainEntityOfPage":{"@id":"https:\/\/www.audaces-s.fr\/wp\/retour-sur-le-dernier-repaircafe\/"},"wordCount":62,"commentCount":0,"publisher":{"@id":"https:\/\/www.audaces-s.fr\/wp\/#organization"},"image":{"@id":"https:\/\/www.audaces-s.fr\/wp\/retour-sur-le-dernier-repaircafe\/#primaryimage"},"thumbnailUrl":"https:\/\/i0.wp.com\/www.audaces-s.fr\/wp\/wp-content\/uploads\/2026\/04\/IMG_4636.jpeg?fit=1440%2C1104&ssl=1","articleSection":["L'association","Le Briquet","Le centre social","Nos activit\u00e9s"],"inLanguage":"fr-FR","potentialAction":[{"@type":"CommentAction","name":"Comment","target":["https:\/\/www.audaces-s.fr\/wp\/retour-sur-le-dernier-repaircafe\/#respond"]}]},{"@type":"WebPage","@id":"https:\/\/www.audaces-s.fr\/wp\/retour-sur-le-dernier-repaircafe\/","url":"https:\/\/www.audaces-s.fr\/wp\/retour-sur-le-dernier-repaircafe\/","name":"Retour sur le dernier Repair'caf\u00e9 - AUDACES&#039;S","isPartOf":{"@id":"https:\/\/www.audaces-s.fr\/wp\/#website"},"primaryImageOfPage":{"@id":"https:\/\/www.audaces-s.fr\/wp\/retour-sur-le-dernier-repaircafe\/#primaryimage"},"image":{"@id":"https:\/\/www.audaces-s.fr\/wp\/retour-sur-le-dernier-repaircafe\/#primaryimage"},"thumbnailUrl":"https:\/\/i0.wp.com\/www.audaces-s.fr\/wp\/wp-content\/uploads\/2026\/04\/IMG_4636.jpeg?fit=1440%2C1104&ssl=1","datePublished":"2026-04-21T12:47:09+00:00","dateModified":"2026-04-21T12:47:10+00:00","breadcrumb":{"@id":"https:\/\/www.audaces-s.fr\/wp\/retour-sur-le-dernier-repaircafe\/#breadcrumb"},"inLanguage":"fr-FR","potentialAction":[{"@type":"ReadAction","target":["https:\/\/www.audaces-s.fr\/wp\/retour-sur-le-dernier-repaircafe\/"]}]},{"@type":"ImageObject","inLanguage":"fr-FR","@id":"https:\/\/www.audaces-s.fr\/wp\/retour-sur-le-dernier-repaircafe\/#primaryimage","url":"https:\/\/i0.wp.com\/www.audaces-s.fr\/wp\/wp-content\/uploads\/2026\/04\/IMG_4636.jpeg?fit=1440%2C1104&ssl=1","contentUrl":"https:\/\/i0.wp.com\/www.audaces-s.fr\/wp\/wp-content\/uploads\/2026\/04\/IMG_4636.jpeg?fit=1440%2C1104&ssl=1","width":1440,"height":1104},{"@type":"BreadcrumbList","@id":"https:\/\/www.audaces-s.fr\/wp\/retour-sur-le-dernier-repaircafe\/#breadcrumb","itemListElement":[{"@type":"ListItem","position":1,"name":"Accueil","item":"https:\/\/www.audaces-s.fr\/wp\/"},{"@type":"ListItem","position":2,"name":"Retour sur le dernier Repair&rsquo;caf\u00e9"}]},{"@type":"WebSite","@id":"https:\/\/www.audaces-s.fr\/wp\/#website","url":"https:\/\/www.audaces-s.fr\/wp\/","name":"AUDACES'S","description":"Association d&#039;union des activit\u00e9s culturelles, \u00e9ducatives, sociales et sportives","publisher":{"@id":"https:\/\/www.audaces-s.fr\/wp\/#organization"},"potentialAction":[{"@type":"SearchAction","target":{"@type":"EntryPoint","urlTemplate":"https:\/\/www.audaces-s.fr\/wp\/?s={search_term_string}"},"query-input":{"@type":"PropertyValueSpecification","valueRequired":true,"valueName":"search_term_string"}}],"inLanguage":"fr-FR"},{"@type":"Organization","@id":"https:\/\/www.audaces-s.fr\/wp\/#organization","name":"Association AUDACES'S","url":"https:\/\/www.audaces-s.fr\/wp\/","logo":{"@type":"ImageObject","inLanguage":"fr-FR","@id":"https:\/\/www.audaces-s.fr\/wp\/#\/schema\/logo\/image\/","url":"https:\/\/i0.wp.com\/www.audaces-s.fr\/wp\/wp-content\/uploads\/2021\/04\/cropped-logo-WP1-1.png?fit=969%2C238&ssl=1","contentUrl":"https:\/\/i0.wp.com\/www.audaces-s.fr\/wp\/wp-content\/uploads\/2021\/04\/cropped-logo-WP1-1.png?fit=969%2C238&ssl=1","width":969,"height":238,"caption":"Association AUDACES'S"},"image":{"@id":"https:\/\/www.audaces-s.fr\/wp\/#\/schema\/logo\/image\/"},"sameAs":["https:\/\/www.facebook.com\/associationaudaces"]},{"@type":"Person","@id":"https:\/\/www.audaces-s.fr\/wp\/#\/schema\/person\/f1f99b4267322bc63c2c0b9f0391c96c","name":"\u00c9quipe Audaces's","image":{"@type":"ImageObject","inLanguage":"fr-FR","@id":"https:\/\/secure.gravatar.com\/avatar\/9a3800d70d3dc7ed281fc56816018c8b2e6d4e4f5c5cf3de6e56438f71f51897?s=96&d=retro&r=g","url":"https:\/\/secure.gravatar.com\/avatar\/9a3800d70d3dc7ed281fc56816018c8b2e6d4e4f5c5cf3de6e56438f71f51897?s=96&d=retro&r=g","contentUrl":"https:\/\/secure.gravatar.com\/avatar\/9a3800d70d3dc7ed281fc56816018c8b2e6d4e4f5c5cf3de6e56438f71f51897?s=96&d=retro&r=g","caption":"\u00c9quipe Audaces's"},"url":"https:\/\/www.audaces-s.fr\/wp\/author\/teobtn\/"}]}},"_links":{"self":[{"href":"https:\/\/www.audaces-s.fr\/wp\/wp-json\/wp\/v2\/posts\/5011","targetHints":{"allow":["GET"]}}],"collection":[{"href":"https:\/\/www.audaces-s.fr\/wp\/wp-json\/wp\/v2\/posts"}],"about":[{"href":"https:\/\/www.audaces-s.fr\/wp\/wp-json\/wp\/v2\/types\/post"}],"author":[{"embeddable":true,"href":"https:\/\/www.audaces-s.fr\/wp\/wp-json\/wp\/v2\/users\/6"}],"replies":[{"embeddable":true,"href":"https:\/\/www.audaces-s.fr\/wp\/wp-json\/wp\/v2\/comments?post=5011"}],"version-history":[{"count":1,"href":"https:\/\/www.audaces-s.fr\/wp\/wp-json\/wp\/v2\/posts\/5011\/revisions"}],"predecessor-version":[{"id":5013,"href":"https:\/\/www.audaces-s.fr\/wp\/wp-json\/wp\/v2\/posts\/5011\/revisions\/5013"}],"wp:featuredmedia":[{"embeddable":true,"href":"https:\/\/www.audaces-s.fr\/wp\/wp-json\/wp\/v2\/media\/5012"}],"wp:attachment":[{"href":"https:\/\/www.audaces-s.fr\/wp\/wp-json\/wp\/v2\/media?parent=5011"}],"wp:term":[{"taxonomy":"category","embeddable":true,"href":"https:\/\/www.audaces-s.fr\/wp\/wp-json\/wp\/v2\/categories?post=5011"},{"taxonomy":"post_tag","embeddable":true,"href":"https:\/\/www.audaces-s.fr\/wp\/wp-json\/wp\/v2\/tags?post=5011"}],"curies":[{"name":"wp","href":"https:\/\/api.w.org\/{rel}","templated":true}]}}