{"id":5049,"date":"2026-04-29T12:24:51","date_gmt":"2026-04-29T10:24:51","guid":{"rendered":"https:\/\/www.audaces-s.fr\/wp\/?p=5049"},"modified":"2026-04-29T17:09:49","modified_gmt":"2026-04-29T15:09:49","slug":"notre-jardin-partage","status":"publish","type":"post","link":"https:\/\/www.audaces-s.fr\/wp\/notre-jardin-partage\/","title":{"rendered":"Le jardin partag\u00e9 continue de grandir !"},"content":{"rendered":"\n<p><strong>Le tiers-lieu Le Briquet de l\u2019Association Audaces\u2019s poursuit son aventure aux c\u00f4t\u00e9s des \u00e9l\u00e8ves du Coll\u00e8ge Alexandre Dreux Folschviller. R\u00e9cemment, les jeunes se sont impliqu\u00e9s dans la mise en godets des premiers semis de printemps.<\/strong><\/p>\n\n\n\n<p>Au programme : citrouilles, potimarrons, courgettes et concombres ont \u00e9t\u00e9 pr\u00e9par\u00e9s avec soin, en attendant leur plantation en pleine terre. Une belle mani\u00e8re de prolonger leur engagement et de remettre en pratique les gestes appris l\u2019an dernier.<\/p>\n\n\n\n<p>Le jardin est d\u00e9j\u00e0 plein de vie : tomates, poivrons, glycine et basilic ont fait leur apparition, tandis que les fraises commencent doucement \u00e0 rougir\u2026 Les premi\u00e8res r\u00e9coltes ne sont plus tr\u00e8s loin !<\/p>\n\n\n\n<p>Pour encourager la biodiversit\u00e9, des fleurs mellif\u00e8res et des fraisiers ont \u00e9galement \u00e9t\u00e9 plant\u00e9s. <strong>Les semis sont d\u00e9sormais install\u00e9s dans les deux bacs blancs situ\u00e9s devant le centre, accessibles \u00e0 tous !<\/strong><\/p>\n\n\n\n<p>Ce jardin partag\u00e9 est bien plus qu\u2019un espace de culture : c\u2019est un lieu d\u2019apprentissage, de partage et de transmission entre g\u00e9n\u00e9rations.<\/p>\n\n\n\n<p>Si vous nous croisez dans le jardin, n\u2019h\u00e9sitez pas \u00e0 venir discuter, poser vos questions\u2026 ou m\u00eame \u00e9changer des plants !<\/p>\n\n\n\n<p>\u00c0 tr\u00e8s bient\u00f4t au jardin !<\/p>\n\n\n\n<p>Centre Social Audaces&rsquo;s &#8211; Folschviller &#8211; Mairie de Folschviller &#8211; Coll\u00e8ge Alexandre Dreux Folschviller &#8211; Le Briquet &#8211; @SandraMartin &#8211; @TonyMarzana<\/p>\n\n\n\n<figure class=\"wp-block-gallery has-nested-images columns-default is-cropped wp-block-gallery-1 is-layout-flex wp-block-gallery-is-layout-flex\">\n<figure class=\"wp-block-image size-large\"><img data-recalc-dims=\"1\" loading=\"lazy\" decoding=\"async\" width=\"768\" height=\"1024\" data-id=\"5057\" src=\"https:\/\/i0.wp.com\/www.audaces-s.fr\/wp\/wp-content\/uploads\/2026\/04\/b3c506e2-84e1-473b-bbdc-686be5b6edd5.jpeg?resize=768%2C1024&#038;ssl=1\" alt=\"\" class=\"wp-image-5057\" srcset=\"https:\/\/i0.wp.com\/www.audaces-s.fr\/wp\/wp-content\/uploads\/2026\/04\/b3c506e2-84e1-473b-bbdc-686be5b6edd5.jpeg?resize=768%2C1024&amp;ssl=1 768w, https:\/\/i0.wp.com\/www.audaces-s.fr\/wp\/wp-content\/uploads\/2026\/04\/b3c506e2-84e1-473b-bbdc-686be5b6edd5.jpeg?resize=225%2C300&amp;ssl=1 225w, https:\/\/i0.wp.com\/www.audaces-s.fr\/wp\/wp-content\/uploads\/2026\/04\/b3c506e2-84e1-473b-bbdc-686be5b6edd5.jpeg?resize=1152%2C1536&amp;ssl=1 1152w, https:\/\/i0.wp.com\/www.audaces-s.fr\/wp\/wp-content\/uploads\/2026\/04\/b3c506e2-84e1-473b-bbdc-686be5b6edd5.jpeg?w=1200&amp;ssl=1 1200w\" sizes=\"auto, (max-width: 768px) 100vw, 768px\" \/><\/figure>\n\n\n\n<figure class=\"wp-block-image size-large\"><img data-recalc-dims=\"1\" loading=\"lazy\" decoding=\"async\" width=\"768\" height=\"1024\" data-id=\"5052\" src=\"https:\/\/i0.wp.com\/www.audaces-s.fr\/wp\/wp-content\/uploads\/2026\/04\/431a5a4c-e14f-44d6-9edd-c3836254737d.jpeg?resize=768%2C1024&#038;ssl=1\" alt=\"\" class=\"wp-image-5052\" srcset=\"https:\/\/i0.wp.com\/www.audaces-s.fr\/wp\/wp-content\/uploads\/2026\/04\/431a5a4c-e14f-44d6-9edd-c3836254737d.jpeg?resize=768%2C1024&amp;ssl=1 768w, https:\/\/i0.wp.com\/www.audaces-s.fr\/wp\/wp-content\/uploads\/2026\/04\/431a5a4c-e14f-44d6-9edd-c3836254737d.jpeg?resize=225%2C300&amp;ssl=1 225w, https:\/\/i0.wp.com\/www.audaces-s.fr\/wp\/wp-content\/uploads\/2026\/04\/431a5a4c-e14f-44d6-9edd-c3836254737d.jpeg?resize=1152%2C1536&amp;ssl=1 1152w, https:\/\/i0.wp.com\/www.audaces-s.fr\/wp\/wp-content\/uploads\/2026\/04\/431a5a4c-e14f-44d6-9edd-c3836254737d.jpeg?w=1200&amp;ssl=1 1200w\" sizes=\"auto, (max-width: 768px) 100vw, 768px\" \/><\/figure>\n\n\n\n<figure class=\"wp-block-image size-large\"><img data-recalc-dims=\"1\" loading=\"lazy\" decoding=\"async\" width=\"768\" height=\"1024\" data-id=\"5060\" src=\"https:\/\/i0.wp.com\/www.audaces-s.fr\/wp\/wp-content\/uploads\/2026\/04\/0b2d85c0-a776-4fd9-8925-d2898e14bd81.jpeg?resize=768%2C1024&#038;ssl=1\" alt=\"\" class=\"wp-image-5060\" srcset=\"https:\/\/i0.wp.com\/www.audaces-s.fr\/wp\/wp-content\/uploads\/2026\/04\/0b2d85c0-a776-4fd9-8925-d2898e14bd81.jpeg?resize=768%2C1024&amp;ssl=1 768w, https:\/\/i0.wp.com\/www.audaces-s.fr\/wp\/wp-content\/uploads\/2026\/04\/0b2d85c0-a776-4fd9-8925-d2898e14bd81.jpeg?resize=225%2C300&amp;ssl=1 225w, https:\/\/i0.wp.com\/www.audaces-s.fr\/wp\/wp-content\/uploads\/2026\/04\/0b2d85c0-a776-4fd9-8925-d2898e14bd81.jpeg?resize=1152%2C1536&amp;ssl=1 1152w, https:\/\/i0.wp.com\/www.audaces-s.fr\/wp\/wp-content\/uploads\/2026\/04\/0b2d85c0-a776-4fd9-8925-d2898e14bd81.jpeg?w=1200&amp;ssl=1 1200w\" sizes=\"auto, (max-width: 768px) 100vw, 768px\" \/><\/figure>\n\n\n\n<figure class=\"wp-block-image size-large\"><img data-recalc-dims=\"1\" loading=\"lazy\" decoding=\"async\" width=\"768\" height=\"1024\" data-id=\"5051\" src=\"https:\/\/i0.wp.com\/www.audaces-s.fr\/wp\/wp-content\/uploads\/2026\/04\/54604aab-0d65-46d2-b6b0-9e5464e9b95d.jpeg?resize=768%2C1024&#038;ssl=1\" alt=\"\" class=\"wp-image-5051\" srcset=\"https:\/\/i0.wp.com\/www.audaces-s.fr\/wp\/wp-content\/uploads\/2026\/04\/54604aab-0d65-46d2-b6b0-9e5464e9b95d.jpeg?resize=768%2C1024&amp;ssl=1 768w, https:\/\/i0.wp.com\/www.audaces-s.fr\/wp\/wp-content\/uploads\/2026\/04\/54604aab-0d65-46d2-b6b0-9e5464e9b95d.jpeg?resize=225%2C300&amp;ssl=1 225w, https:\/\/i0.wp.com\/www.audaces-s.fr\/wp\/wp-content\/uploads\/2026\/04\/54604aab-0d65-46d2-b6b0-9e5464e9b95d.jpeg?resize=1152%2C1536&amp;ssl=1 1152w, https:\/\/i0.wp.com\/www.audaces-s.fr\/wp\/wp-content\/uploads\/2026\/04\/54604aab-0d65-46d2-b6b0-9e5464e9b95d.jpeg?w=1200&amp;ssl=1 1200w\" sizes=\"auto, (max-width: 768px) 100vw, 768px\" \/><\/figure>\n\n\n\n<figure class=\"wp-block-image size-large\"><img data-recalc-dims=\"1\" loading=\"lazy\" decoding=\"async\" width=\"768\" height=\"1024\" data-id=\"5058\" src=\"https:\/\/i0.wp.com\/www.audaces-s.fr\/wp\/wp-content\/uploads\/2026\/04\/e744fdc3-9735-4934-a409-702bd95cd4ab.jpeg?resize=768%2C1024&#038;ssl=1\" alt=\"\" class=\"wp-image-5058\" srcset=\"https:\/\/i0.wp.com\/www.audaces-s.fr\/wp\/wp-content\/uploads\/2026\/04\/e744fdc3-9735-4934-a409-702bd95cd4ab.jpeg?resize=768%2C1024&amp;ssl=1 768w, https:\/\/i0.wp.com\/www.audaces-s.fr\/wp\/wp-content\/uploads\/2026\/04\/e744fdc3-9735-4934-a409-702bd95cd4ab.jpeg?resize=225%2C300&amp;ssl=1 225w, https:\/\/i0.wp.com\/www.audaces-s.fr\/wp\/wp-content\/uploads\/2026\/04\/e744fdc3-9735-4934-a409-702bd95cd4ab.jpeg?resize=1152%2C1536&amp;ssl=1 1152w, https:\/\/i0.wp.com\/www.audaces-s.fr\/wp\/wp-content\/uploads\/2026\/04\/e744fdc3-9735-4934-a409-702bd95cd4ab.jpeg?w=1200&amp;ssl=1 1200w\" sizes=\"auto, (max-width: 768px) 100vw, 768px\" \/><\/figure>\n\n\n\n<figure class=\"wp-block-image size-large\"><img data-recalc-dims=\"1\" loading=\"lazy\" decoding=\"async\" width=\"768\" height=\"1024\" data-id=\"5056\" src=\"https:\/\/i0.wp.com\/www.audaces-s.fr\/wp\/wp-content\/uploads\/2026\/04\/4e72ddbf-5393-463c-8510-cf6ba353f30b.jpeg?resize=768%2C1024&#038;ssl=1\" alt=\"\" class=\"wp-image-5056\" srcset=\"https:\/\/i0.wp.com\/www.audaces-s.fr\/wp\/wp-content\/uploads\/2026\/04\/4e72ddbf-5393-463c-8510-cf6ba353f30b.jpeg?resize=768%2C1024&amp;ssl=1 768w, https:\/\/i0.wp.com\/www.audaces-s.fr\/wp\/wp-content\/uploads\/2026\/04\/4e72ddbf-5393-463c-8510-cf6ba353f30b.jpeg?resize=225%2C300&amp;ssl=1 225w, https:\/\/i0.wp.com\/www.audaces-s.fr\/wp\/wp-content\/uploads\/2026\/04\/4e72ddbf-5393-463c-8510-cf6ba353f30b.jpeg?resize=1152%2C1536&amp;ssl=1 1152w, https:\/\/i0.wp.com\/www.audaces-s.fr\/wp\/wp-content\/uploads\/2026\/04\/4e72ddbf-5393-463c-8510-cf6ba353f30b.jpeg?w=1200&amp;ssl=1 1200w\" sizes=\"auto, (max-width: 768px) 100vw, 768px\" \/><\/figure>\n\n\n\n<figure class=\"wp-block-image size-large\"><img data-recalc-dims=\"1\" loading=\"lazy\" decoding=\"async\" width=\"768\" height=\"1024\" data-id=\"5062\" src=\"https:\/\/i0.wp.com\/www.audaces-s.fr\/wp\/wp-content\/uploads\/2026\/04\/f9490b8a-08d3-49ad-abb6-c42fa7c43324.jpeg?resize=768%2C1024&#038;ssl=1\" alt=\"\" class=\"wp-image-5062\" srcset=\"https:\/\/i0.wp.com\/www.audaces-s.fr\/wp\/wp-content\/uploads\/2026\/04\/f9490b8a-08d3-49ad-abb6-c42fa7c43324.jpeg?resize=768%2C1024&amp;ssl=1 768w, https:\/\/i0.wp.com\/www.audaces-s.fr\/wp\/wp-content\/uploads\/2026\/04\/f9490b8a-08d3-49ad-abb6-c42fa7c43324.jpeg?resize=225%2C300&amp;ssl=1 225w, https:\/\/i0.wp.com\/www.audaces-s.fr\/wp\/wp-content\/uploads\/2026\/04\/f9490b8a-08d3-49ad-abb6-c42fa7c43324.jpeg?resize=1152%2C1536&amp;ssl=1 1152w, https:\/\/i0.wp.com\/www.audaces-s.fr\/wp\/wp-content\/uploads\/2026\/04\/f9490b8a-08d3-49ad-abb6-c42fa7c43324.jpeg?w=1200&amp;ssl=1 1200w\" sizes=\"auto, (max-width: 768px) 100vw, 768px\" \/><\/figure>\n<\/figure>\n","protected":false},"excerpt":{"rendered":"<p>Le tiers-lieu Le Briquet de l\u2019Association Audaces\u2019s poursuit son aventure aux c\u00f4t\u00e9s des \u00e9l\u00e8ves du Coll\u00e8ge Alexandre Dreux Folschviller. R\u00e9cemment, les jeunes se sont impliqu\u00e9s dans la mise en godets [&hellip;]<\/p>\n","protected":false},"author":6,"featured_media":5063,"comment_status":"open","ping_status":"open","sticky":false,"template":"","format":"standard","meta":{"footnotes":""},"categories":[124,53,35,63,37,36],"tags":[],"class_list":{"0":"post-5049","1":"post","2":"type-post","3":"status-publish","4":"format-standard","5":"has-post-thumbnail","7":"category-enfance-petite-enfance","8":"category-familles","9":"category-association","10":"category-le-briquet","11":"category-centre-social","12":"category-activites","13":"czr-hentry"},"yoast_head":"<!-- This site is optimized with the Yoast SEO plugin v27.5 - https:\/\/yoast.com\/product\/yoast-seo-wordpress\/ -->\n<title>Le jardin partag\u00e9 continue de grandir ! - AUDACES&#039;S<\/title>\n<meta name=\"robots\" content=\"index, follow, max-snippet:-1, max-image-preview:large, max-video-preview:-1\" \/>\n<link rel=\"canonical\" href=\"https:\/\/www.audaces-s.fr\/wp\/notre-jardin-partage\/\" \/>\n<meta property=\"og:locale\" content=\"fr_FR\" \/>\n<meta property=\"og:type\" content=\"article\" \/>\n<meta property=\"og:title\" content=\"Le jardin partag\u00e9 continue de grandir ! - AUDACES&#039;S\" \/>\n<meta property=\"og:description\" content=\"Le tiers-lieu Le Briquet de l\u2019Association Audaces\u2019s poursuit son aventure aux c\u00f4t\u00e9s des \u00e9l\u00e8ves du Coll\u00e8ge Alexandre Dreux Folschviller. R\u00e9cemment, les jeunes se sont impliqu\u00e9s dans la mise en godets [&hellip;]\" \/>\n<meta property=\"og:url\" content=\"https:\/\/www.audaces-s.fr\/wp\/notre-jardin-partage\/\" \/>\n<meta property=\"og:site_name\" content=\"AUDACES&#039;S\" \/>\n<meta property=\"article:publisher\" content=\"https:\/\/www.facebook.com\/associationaudaces\" \/>\n<meta property=\"article:published_time\" content=\"2026-04-29T10:24:51+00:00\" \/>\n<meta property=\"article:modified_time\" content=\"2026-04-29T15:09:49+00:00\" \/>\n<meta property=\"og:image\" content=\"https:\/\/www.audaces-s.fr\/wp\/wp-content\/uploads\/2026\/04\/c2521053-f08d-4276-8c90-6109ae178006.jpeg\" \/>\n\t<meta property=\"og:image:width\" content=\"1200\" \/>\n\t<meta property=\"og:image:height\" content=\"1600\" \/>\n\t<meta property=\"og:image:type\" content=\"image\/jpeg\" \/>\n<meta name=\"author\" content=\"\u00c9quipe Audaces&#039;s\" \/>\n<meta name=\"twitter:card\" content=\"summary_large_image\" \/>\n<meta name=\"twitter:label1\" content=\"\u00c9crit par\" \/>\n\t<meta name=\"twitter:data1\" content=\"\u00c9quipe Audaces&#039;s\" \/>\n\t<meta name=\"twitter:label2\" content=\"Dur\u00e9e de lecture estim\u00e9e\" \/>\n\t<meta name=\"twitter:data2\" content=\"3 minutes\" \/>\n<script type=\"application\/ld+json\" class=\"yoast-schema-graph\">{\"@context\":\"https:\\\/\\\/schema.org\",\"@graph\":[{\"@type\":\"Article\",\"@id\":\"https:\\\/\\\/www.audaces-s.fr\\\/wp\\\/notre-jardin-partage\\\/#article\",\"isPartOf\":{\"@id\":\"https:\\\/\\\/www.audaces-s.fr\\\/wp\\\/notre-jardin-partage\\\/\"},\"author\":{\"name\":\"\u00c9quipe Audaces's\",\"@id\":\"https:\\\/\\\/www.audaces-s.fr\\\/wp\\\/#\\\/schema\\\/person\\\/f1f99b4267322bc63c2c0b9f0391c96c\"},\"headline\":\"Le jardin partag\u00e9 continue de grandir !\",\"datePublished\":\"2026-04-29T10:24:51+00:00\",\"dateModified\":\"2026-04-29T15:09:49+00:00\",\"mainEntityOfPage\":{\"@id\":\"https:\\\/\\\/www.audaces-s.fr\\\/wp\\\/notre-jardin-partage\\\/\"},\"wordCount\":236,\"commentCount\":0,\"publisher\":{\"@id\":\"https:\\\/\\\/www.audaces-s.fr\\\/wp\\\/#organization\"},\"image\":{\"@id\":\"https:\\\/\\\/www.audaces-s.fr\\\/wp\\\/notre-jardin-partage\\\/#primaryimage\"},\"thumbnailUrl\":\"https:\\\/\\\/i0.wp.com\\\/www.audaces-s.fr\\\/wp\\\/wp-content\\\/uploads\\\/2026\\\/04\\\/c2521053-f08d-4276-8c90-6109ae178006.jpeg?fit=1200%2C1600&ssl=1\",\"articleSection\":[\"Enfance et petite-enfance\",\"Espace familles\",\"L'association\",\"Le Briquet\",\"Le centre social\",\"Nos activit\u00e9s\"],\"inLanguage\":\"fr-FR\",\"potentialAction\":[{\"@type\":\"CommentAction\",\"name\":\"Comment\",\"target\":[\"https:\\\/\\\/www.audaces-s.fr\\\/wp\\\/notre-jardin-partage\\\/#respond\"]}]},{\"@type\":\"WebPage\",\"@id\":\"https:\\\/\\\/www.audaces-s.fr\\\/wp\\\/notre-jardin-partage\\\/\",\"url\":\"https:\\\/\\\/www.audaces-s.fr\\\/wp\\\/notre-jardin-partage\\\/\",\"name\":\"Le jardin partag\u00e9 continue de grandir ! - AUDACES&#039;S\",\"isPartOf\":{\"@id\":\"https:\\\/\\\/www.audaces-s.fr\\\/wp\\\/#website\"},\"primaryImageOfPage\":{\"@id\":\"https:\\\/\\\/www.audaces-s.fr\\\/wp\\\/notre-jardin-partage\\\/#primaryimage\"},\"image\":{\"@id\":\"https:\\\/\\\/www.audaces-s.fr\\\/wp\\\/notre-jardin-partage\\\/#primaryimage\"},\"thumbnailUrl\":\"https:\\\/\\\/i0.wp.com\\\/www.audaces-s.fr\\\/wp\\\/wp-content\\\/uploads\\\/2026\\\/04\\\/c2521053-f08d-4276-8c90-6109ae178006.jpeg?fit=1200%2C1600&ssl=1\",\"datePublished\":\"2026-04-29T10:24:51+00:00\",\"dateModified\":\"2026-04-29T15:09:49+00:00\",\"breadcrumb\":{\"@id\":\"https:\\\/\\\/www.audaces-s.fr\\\/wp\\\/notre-jardin-partage\\\/#breadcrumb\"},\"inLanguage\":\"fr-FR\",\"potentialAction\":[{\"@type\":\"ReadAction\",\"target\":[\"https:\\\/\\\/www.audaces-s.fr\\\/wp\\\/notre-jardin-partage\\\/\"]}]},{\"@type\":\"ImageObject\",\"inLanguage\":\"fr-FR\",\"@id\":\"https:\\\/\\\/www.audaces-s.fr\\\/wp\\\/notre-jardin-partage\\\/#primaryimage\",\"url\":\"https:\\\/\\\/i0.wp.com\\\/www.audaces-s.fr\\\/wp\\\/wp-content\\\/uploads\\\/2026\\\/04\\\/c2521053-f08d-4276-8c90-6109ae178006.jpeg?fit=1200%2C1600&ssl=1\",\"contentUrl\":\"https:\\\/\\\/i0.wp.com\\\/www.audaces-s.fr\\\/wp\\\/wp-content\\\/uploads\\\/2026\\\/04\\\/c2521053-f08d-4276-8c90-6109ae178006.jpeg?fit=1200%2C1600&ssl=1\",\"width\":1200,\"height\":1600},{\"@type\":\"BreadcrumbList\",\"@id\":\"https:\\\/\\\/www.audaces-s.fr\\\/wp\\\/notre-jardin-partage\\\/#breadcrumb\",\"itemListElement\":[{\"@type\":\"ListItem\",\"position\":1,\"name\":\"Accueil\",\"item\":\"https:\\\/\\\/www.audaces-s.fr\\\/wp\\\/\"},{\"@type\":\"ListItem\",\"position\":2,\"name\":\"Le jardin partag\u00e9 continue de grandir !\"}]},{\"@type\":\"WebSite\",\"@id\":\"https:\\\/\\\/www.audaces-s.fr\\\/wp\\\/#website\",\"url\":\"https:\\\/\\\/www.audaces-s.fr\\\/wp\\\/\",\"name\":\"AUDACES'S\",\"description\":\"Association d&#039;union des activit\u00e9s culturelles, \u00e9ducatives, sociales et sportives\",\"publisher\":{\"@id\":\"https:\\\/\\\/www.audaces-s.fr\\\/wp\\\/#organization\"},\"potentialAction\":[{\"@type\":\"SearchAction\",\"target\":{\"@type\":\"EntryPoint\",\"urlTemplate\":\"https:\\\/\\\/www.audaces-s.fr\\\/wp\\\/?s={search_term_string}\"},\"query-input\":{\"@type\":\"PropertyValueSpecification\",\"valueRequired\":true,\"valueName\":\"search_term_string\"}}],\"inLanguage\":\"fr-FR\"},{\"@type\":\"Organization\",\"@id\":\"https:\\\/\\\/www.audaces-s.fr\\\/wp\\\/#organization\",\"name\":\"Association AUDACES'S\",\"url\":\"https:\\\/\\\/www.audaces-s.fr\\\/wp\\\/\",\"logo\":{\"@type\":\"ImageObject\",\"inLanguage\":\"fr-FR\",\"@id\":\"https:\\\/\\\/www.audaces-s.fr\\\/wp\\\/#\\\/schema\\\/logo\\\/image\\\/\",\"url\":\"https:\\\/\\\/i0.wp.com\\\/www.audaces-s.fr\\\/wp\\\/wp-content\\\/uploads\\\/2021\\\/04\\\/cropped-logo-WP1-1.png?fit=969%2C238&ssl=1\",\"contentUrl\":\"https:\\\/\\\/i0.wp.com\\\/www.audaces-s.fr\\\/wp\\\/wp-content\\\/uploads\\\/2021\\\/04\\\/cropped-logo-WP1-1.png?fit=969%2C238&ssl=1\",\"width\":969,\"height\":238,\"caption\":\"Association AUDACES'S\"},\"image\":{\"@id\":\"https:\\\/\\\/www.audaces-s.fr\\\/wp\\\/#\\\/schema\\\/logo\\\/image\\\/\"},\"sameAs\":[\"https:\\\/\\\/www.facebook.com\\\/associationaudaces\"]},{\"@type\":\"Person\",\"@id\":\"https:\\\/\\\/www.audaces-s.fr\\\/wp\\\/#\\\/schema\\\/person\\\/f1f99b4267322bc63c2c0b9f0391c96c\",\"name\":\"\u00c9quipe Audaces's\",\"image\":{\"@type\":\"ImageObject\",\"inLanguage\":\"fr-FR\",\"@id\":\"https:\\\/\\\/secure.gravatar.com\\\/avatar\\\/9a3800d70d3dc7ed281fc56816018c8b2e6d4e4f5c5cf3de6e56438f71f51897?s=96&d=retro&r=g\",\"url\":\"https:\\\/\\\/secure.gravatar.com\\\/avatar\\\/9a3800d70d3dc7ed281fc56816018c8b2e6d4e4f5c5cf3de6e56438f71f51897?s=96&d=retro&r=g\",\"contentUrl\":\"https:\\\/\\\/secure.gravatar.com\\\/avatar\\\/9a3800d70d3dc7ed281fc56816018c8b2e6d4e4f5c5cf3de6e56438f71f51897?s=96&d=retro&r=g\",\"caption\":\"\u00c9quipe Audaces's\"},\"url\":\"https:\\\/\\\/www.audaces-s.fr\\\/wp\\\/author\\\/teobtn\\\/\"}]}<\/script>\n<!-- \/ Yoast SEO plugin. -->","yoast_head_json":{"title":"Le jardin partag\u00e9 continue de grandir ! - AUDACES&#039;S","robots":{"index":"index","follow":"follow","max-snippet":"max-snippet:-1","max-image-preview":"max-image-preview:large","max-video-preview":"max-video-preview:-1"},"canonical":"https:\/\/www.audaces-s.fr\/wp\/notre-jardin-partage\/","og_locale":"fr_FR","og_type":"article","og_title":"Le jardin partag\u00e9 continue de grandir ! - AUDACES&#039;S","og_description":"Le tiers-lieu Le Briquet de l\u2019Association Audaces\u2019s poursuit son aventure aux c\u00f4t\u00e9s des \u00e9l\u00e8ves du Coll\u00e8ge Alexandre Dreux Folschviller. R\u00e9cemment, les jeunes se sont impliqu\u00e9s dans la mise en godets [&hellip;]","og_url":"https:\/\/www.audaces-s.fr\/wp\/notre-jardin-partage\/","og_site_name":"AUDACES&#039;S","article_publisher":"https:\/\/www.facebook.com\/associationaudaces","article_published_time":"2026-04-29T10:24:51+00:00","article_modified_time":"2026-04-29T15:09:49+00:00","og_image":[{"width":1200,"height":1600,"url":"https:\/\/www.audaces-s.fr\/wp\/wp-content\/uploads\/2026\/04\/c2521053-f08d-4276-8c90-6109ae178006.jpeg","type":"image\/jpeg"}],"author":"\u00c9quipe Audaces's","twitter_card":"summary_large_image","twitter_misc":{"\u00c9crit par":"\u00c9quipe Audaces's","Dur\u00e9e de lecture estim\u00e9e":"3 minutes"},"schema":{"@context":"https:\/\/schema.org","@graph":[{"@type":"Article","@id":"https:\/\/www.audaces-s.fr\/wp\/notre-jardin-partage\/#article","isPartOf":{"@id":"https:\/\/www.audaces-s.fr\/wp\/notre-jardin-partage\/"},"author":{"name":"\u00c9quipe Audaces's","@id":"https:\/\/www.audaces-s.fr\/wp\/#\/schema\/person\/f1f99b4267322bc63c2c0b9f0391c96c"},"headline":"Le jardin partag\u00e9 continue de grandir !","datePublished":"2026-04-29T10:24:51+00:00","dateModified":"2026-04-29T15:09:49+00:00","mainEntityOfPage":{"@id":"https:\/\/www.audaces-s.fr\/wp\/notre-jardin-partage\/"},"wordCount":236,"commentCount":0,"publisher":{"@id":"https:\/\/www.audaces-s.fr\/wp\/#organization"},"image":{"@id":"https:\/\/www.audaces-s.fr\/wp\/notre-jardin-partage\/#primaryimage"},"thumbnailUrl":"https:\/\/i0.wp.com\/www.audaces-s.fr\/wp\/wp-content\/uploads\/2026\/04\/c2521053-f08d-4276-8c90-6109ae178006.jpeg?fit=1200%2C1600&ssl=1","articleSection":["Enfance et petite-enfance","Espace familles","L'association","Le Briquet","Le centre social","Nos activit\u00e9s"],"inLanguage":"fr-FR","potentialAction":[{"@type":"CommentAction","name":"Comment","target":["https:\/\/www.audaces-s.fr\/wp\/notre-jardin-partage\/#respond"]}]},{"@type":"WebPage","@id":"https:\/\/www.audaces-s.fr\/wp\/notre-jardin-partage\/","url":"https:\/\/www.audaces-s.fr\/wp\/notre-jardin-partage\/","name":"Le jardin partag\u00e9 continue de grandir ! - AUDACES&#039;S","isPartOf":{"@id":"https:\/\/www.audaces-s.fr\/wp\/#website"},"primaryImageOfPage":{"@id":"https:\/\/www.audaces-s.fr\/wp\/notre-jardin-partage\/#primaryimage"},"image":{"@id":"https:\/\/www.audaces-s.fr\/wp\/notre-jardin-partage\/#primaryimage"},"thumbnailUrl":"https:\/\/i0.wp.com\/www.audaces-s.fr\/wp\/wp-content\/uploads\/2026\/04\/c2521053-f08d-4276-8c90-6109ae178006.jpeg?fit=1200%2C1600&ssl=1","datePublished":"2026-04-29T10:24:51+00:00","dateModified":"2026-04-29T15:09:49+00:00","breadcrumb":{"@id":"https:\/\/www.audaces-s.fr\/wp\/notre-jardin-partage\/#breadcrumb"},"inLanguage":"fr-FR","potentialAction":[{"@type":"ReadAction","target":["https:\/\/www.audaces-s.fr\/wp\/notre-jardin-partage\/"]}]},{"@type":"ImageObject","inLanguage":"fr-FR","@id":"https:\/\/www.audaces-s.fr\/wp\/notre-jardin-partage\/#primaryimage","url":"https:\/\/i0.wp.com\/www.audaces-s.fr\/wp\/wp-content\/uploads\/2026\/04\/c2521053-f08d-4276-8c90-6109ae178006.jpeg?fit=1200%2C1600&ssl=1","contentUrl":"https:\/\/i0.wp.com\/www.audaces-s.fr\/wp\/wp-content\/uploads\/2026\/04\/c2521053-f08d-4276-8c90-6109ae178006.jpeg?fit=1200%2C1600&ssl=1","width":1200,"height":1600},{"@type":"BreadcrumbList","@id":"https:\/\/www.audaces-s.fr\/wp\/notre-jardin-partage\/#breadcrumb","itemListElement":[{"@type":"ListItem","position":1,"name":"Accueil","item":"https:\/\/www.audaces-s.fr\/wp\/"},{"@type":"ListItem","position":2,"name":"Le jardin partag\u00e9 continue de grandir !"}]},{"@type":"WebSite","@id":"https:\/\/www.audaces-s.fr\/wp\/#website","url":"https:\/\/www.audaces-s.fr\/wp\/","name":"AUDACES'S","description":"Association d&#039;union des activit\u00e9s culturelles, \u00e9ducatives, sociales et sportives","publisher":{"@id":"https:\/\/www.audaces-s.fr\/wp\/#organization"},"potentialAction":[{"@type":"SearchAction","target":{"@type":"EntryPoint","urlTemplate":"https:\/\/www.audaces-s.fr\/wp\/?s={search_term_string}"},"query-input":{"@type":"PropertyValueSpecification","valueRequired":true,"valueName":"search_term_string"}}],"inLanguage":"fr-FR"},{"@type":"Organization","@id":"https:\/\/www.audaces-s.fr\/wp\/#organization","name":"Association AUDACES'S","url":"https:\/\/www.audaces-s.fr\/wp\/","logo":{"@type":"ImageObject","inLanguage":"fr-FR","@id":"https:\/\/www.audaces-s.fr\/wp\/#\/schema\/logo\/image\/","url":"https:\/\/i0.wp.com\/www.audaces-s.fr\/wp\/wp-content\/uploads\/2021\/04\/cropped-logo-WP1-1.png?fit=969%2C238&ssl=1","contentUrl":"https:\/\/i0.wp.com\/www.audaces-s.fr\/wp\/wp-content\/uploads\/2021\/04\/cropped-logo-WP1-1.png?fit=969%2C238&ssl=1","width":969,"height":238,"caption":"Association AUDACES'S"},"image":{"@id":"https:\/\/www.audaces-s.fr\/wp\/#\/schema\/logo\/image\/"},"sameAs":["https:\/\/www.facebook.com\/associationaudaces"]},{"@type":"Person","@id":"https:\/\/www.audaces-s.fr\/wp\/#\/schema\/person\/f1f99b4267322bc63c2c0b9f0391c96c","name":"\u00c9quipe Audaces's","image":{"@type":"ImageObject","inLanguage":"fr-FR","@id":"https:\/\/secure.gravatar.com\/avatar\/9a3800d70d3dc7ed281fc56816018c8b2e6d4e4f5c5cf3de6e56438f71f51897?s=96&d=retro&r=g","url":"https:\/\/secure.gravatar.com\/avatar\/9a3800d70d3dc7ed281fc56816018c8b2e6d4e4f5c5cf3de6e56438f71f51897?s=96&d=retro&r=g","contentUrl":"https:\/\/secure.gravatar.com\/avatar\/9a3800d70d3dc7ed281fc56816018c8b2e6d4e4f5c5cf3de6e56438f71f51897?s=96&d=retro&r=g","caption":"\u00c9quipe Audaces's"},"url":"https:\/\/www.audaces-s.fr\/wp\/author\/teobtn\/"}]}},"_links":{"self":[{"href":"https:\/\/www.audaces-s.fr\/wp\/wp-json\/wp\/v2\/posts\/5049","targetHints":{"allow":["GET"]}}],"collection":[{"href":"https:\/\/www.audaces-s.fr\/wp\/wp-json\/wp\/v2\/posts"}],"about":[{"href":"https:\/\/www.audaces-s.fr\/wp\/wp-json\/wp\/v2\/types\/post"}],"author":[{"embeddable":true,"href":"https:\/\/www.audaces-s.fr\/wp\/wp-json\/wp\/v2\/users\/6"}],"replies":[{"embeddable":true,"href":"https:\/\/www.audaces-s.fr\/wp\/wp-json\/wp\/v2\/comments?post=5049"}],"version-history":[{"count":3,"href":"https:\/\/www.audaces-s.fr\/wp\/wp-json\/wp\/v2\/posts\/5049\/revisions"}],"predecessor-version":[{"id":5069,"href":"https:\/\/www.audaces-s.fr\/wp\/wp-json\/wp\/v2\/posts\/5049\/revisions\/5069"}],"wp:featuredmedia":[{"embeddable":true,"href":"https:\/\/www.audaces-s.fr\/wp\/wp-json\/wp\/v2\/media\/5063"}],"wp:attachment":[{"href":"https:\/\/www.audaces-s.fr\/wp\/wp-json\/wp\/v2\/media?parent=5049"}],"wp:term":[{"taxonomy":"category","embeddable":true,"href":"https:\/\/www.audaces-s.fr\/wp\/wp-json\/wp\/v2\/categories?post=5049"},{"taxonomy":"post_tag","embeddable":true,"href":"https:\/\/www.audaces-s.fr\/wp\/wp-json\/wp\/v2\/tags?post=5049"}],"curies":[{"name":"wp","href":"https:\/\/api.w.org\/{rel}","templated":true}]}}